
 







{"id":113,"date":"2019-07-01T09:44:20","date_gmt":"2019-07-01T09:44:20","guid":{"rendered":"http:\/\/blogs.amb.cat\/agenciaeconomica\/?p=113"},"modified":"2020-12-15T12:54:41","modified_gmt":"2020-12-15T12:54:41","slug":"el-comerc-local-un-motor-de-dinamitzacio-economica","status":"publish","type":"post","link":"https:\/\/blogs.amb.cat\/agenciaeconomica\/ca\/2019\/07\/01\/el-comerc-local-un-motor-de-dinamitzacio-economica\/","title":{"rendered":"El Comer\u00e7 Local, un motor de dinamitzaci\u00f3 econ\u00f2mica"},"content":{"rendered":"<p><span style=\"color: #ab561d\">El <strong>comer\u00e7<\/strong> ha actuat hist\u00f2ricament com a motor de les economies locals, tant pel seu dinamisme com per l&#8217;alta taxa d&#8217;ocupaci\u00f3 que genera. El comer\u00e7, i en especial l&#8217;anomenat\u00a0model comercial mediterrani, a banda de la\u00a0cl\u00e0ssica funci\u00f3 de prove\u00efment de bens i serveis a les persones, actua com a espai de dinamitzaci\u00f3 i interacci\u00f3 ciutadana, genera vida i moviment als barris i participa\u00a0en la cohesi\u00f3 de les persones que hi formen part del municipi.<\/span><\/p>\n<p><span style=\"color: #ab561d\">\u00c9s aquest el principal motiu pel qual les pol\u00edtiques locals han desenvolupat diverses actuacions de suport i foment a la dinamitzaci\u00f3 del comer\u00e7: des d&#8217;actuacions urban\u00edstiques a actuacions de dinamitzaci\u00f3 firal o de mercats, passant pel suport directe a comer\u00e7os i associacions comercials per la seva professionalitzaci\u00f3 i augment de la competitivitat.<\/span><\/p>\n<p><span style=\"color: #ab561d\">L&#8217;<strong>Ag\u00e8ncia Metropolitana de Desenvolupament Econ\u00f2mic de l&#8217;AMB<\/strong> est\u00e0 iniciant la seva tasca de suport als Ajuntaments Metropolitans en dues premisses clarament marcades:<\/span><\/p>\n<p><span style=\"color: #ab561d\">&#8211; El comer\u00e7, a l&#8217;igual que qualsevol altra empresa, necessita tenir una gesti\u00f3 professionalitzada i millorar la seva competitivitat per garantir la seva subsist\u00e8ncia<\/span><\/p>\n<p><span style=\"color: #ab561d\">&#8211; El comer\u00e7 ha d&#8217;explorar en major mesura les possibilitats que generen els recursos tecnol\u00f2gics per l&#8217;optimitzaci\u00f3 dels seus resultats.<\/span><\/p>\n<p><span style=\"color: #ab561d\">Aix\u00ed doncs, en la l\u00ednia de treball de suport als Ajuntaments metropolitans, l&#8217;Ag\u00e8ncia desenvolupa la seva activitat de suport al comer\u00e7 local desplegant eines de suport a l&#8217;empresa comercial, eines com ara cercadors o\u00a0projectes\u00a0d&#8217;assessorament i seguiment pel foment de l&#8217;activitat, duts a terme als mateixos Ajuntaments. Aquestes eines tindran com a punt de partida\u00a0els plans de millora per la gesti\u00f3 i la millora de la comercialitzaci\u00f3 de productes i pol\u00edtica de vendes.<\/span><\/p>\n<p><span style=\"color: #ab561d\">Podeu consultar m\u00e9s informaci\u00f3 a:<\/span><\/p>\n<p>&#8211;\u00a0<a href=\"http:\/\/agenciaeconomica.amb.cat\/ca\/projectes\/detall\/-\/projecteADE\/7223391\/7154508\">http:\/\/agenciaeconomica.amb.cat\/ca\/projectes\/detall\/-\/projecteADE\/7223391\/7154508<\/a><\/p>\n<p>&#8211; @<a class=\"ProfileHeaderCard-screennameLink u-linkComplex js-nav\" href=\"https:\/\/twitter.com\/AgenciaEconAMB\"><span class=\"username u-dir\" dir=\"ltr\"><b class=\"u-linkComplex-target\">AgenciaEconAMB<\/b><\/span><\/a><\/p>\n<p>&nbsp;<\/p>\n<p>&nbsp;<\/p>\n<p>&nbsp;<\/p>\n","protected":false},"excerpt":{"rendered":"<p>L&#8217;Ag\u00e8ncia Metropolitana de Desenvolupament Econ\u00f2mic  d\u00f3na suport a l&#8217;empresa comercial metropolitana, mitjan\u00e7ant accions de suport a la gesti\u00f3 empresarial i a la comercialitzaci\u00f3.<\/p>\n","protected":false},"author":25,"featured_media":116,"comment_status":"closed","ping_status":"open","sticky":false,"template":"","format":"standard","meta":{"_oasis_is_in_workflow":0,"_oasis_original":0,"ngg_post_thumbnail":0},"categories":[28,12,1],"tags":[18,24,8,30],"_links":{"self":[{"href":"https:\/\/blogs.amb.cat\/agenciaeconomica\/wp-json\/wp\/v2\/posts\/113"}],"collection":[{"href":"https:\/\/blogs.amb.cat\/agenciaeconomica\/wp-json\/wp\/v2\/posts"}],"about":[{"href":"https:\/\/blogs.amb.cat\/agenciaeconomica\/wp-json\/wp\/v2\/types\/post"}],"author":[{"embeddable":true,"href":"https:\/\/blogs.amb.cat\/agenciaeconomica\/wp-json\/wp\/v2\/users\/25"}],"replies":[{"embeddable":true,"href":"https:\/\/blogs.amb.cat\/agenciaeconomica\/wp-json\/wp\/v2\/comments?post=113"}],"version-history":[{"count":5,"href":"https:\/\/blogs.amb.cat\/agenciaeconomica\/wp-json\/wp\/v2\/posts\/113\/revisions"}],"predecessor-version":[{"id":121,"href":"https:\/\/blogs.amb.cat\/agenciaeconomica\/wp-json\/wp\/v2\/posts\/113\/revisions\/121"}],"wp:featuredmedia":[{"embeddable":true,"href":"https:\/\/blogs.amb.cat\/agenciaeconomica\/wp-json\/wp\/v2\/media\/116"}],"wp:attachment":[{"href":"https:\/\/blogs.amb.cat\/agenciaeconomica\/wp-json\/wp\/v2\/media?parent=113"}],"wp:term":[{"taxonomy":"category","embeddable":true,"href":"https:\/\/blogs.amb.cat\/agenciaeconomica\/wp-json\/wp\/v2\/categories?post=113"},{"taxonomy":"post_tag","embeddable":true,"href":"https:\/\/blogs.amb.cat\/agenciaeconomica\/wp-json\/wp\/v2\/tags?post=113"}],"curies":[{"name":"wp","href":"https:\/\/api.w.org\/{rel}","templated":true}]}}