
 







{"id":133,"date":"2019-07-19T08:28:56","date_gmt":"2019-07-19T08:28:56","guid":{"rendered":"http:\/\/blogs.amb.cat\/agenciaeconomica\/?p=133"},"modified":"2020-12-15T12:54:41","modified_gmt":"2020-12-15T12:54:41","slug":"smart-pae-estrategia-intel%c2%b7ligent-als-pae","status":"publish","type":"post","link":"https:\/\/blogs.amb.cat\/agenciaeconomica\/ca\/2019\/07\/19\/smart-pae-estrategia-intel%c2%b7ligent-als-pae\/","title":{"rendered":"Smart PAE: estrat\u00e8gia intel\u00b7ligent als PAE"},"content":{"rendered":"<p><strong>L\u2019Ag\u00e8ncia de Desenvolupament Econ\u00f2mic de l\u2019AMB, Smart Space<\/strong> i la col\u00b7laboraci\u00f3 <strong>d\u2019Eurecat<\/strong> han organitzat la formaci\u00f3 els mesos de juny i juliol <span style=\"text-decoration: underline\"><em>Smart PAE: les Principals claus per dissenyar l\u2019estrat\u00e8gia intel\u00b7ligent als Pol\u00edgons d\u2019Activitat Econ\u00f2mica (PAE)<\/em>.<\/span><\/p>\n<p>El programa ha remarcat el valor dels PAE com a grans \u00e0rees d\u2019activitat econ\u00f2mica. Dintre d\u2019elles hi ha dificultats i defici\u00e8ncies que de vegades poden solucionar-se aplicant solucions tecnol\u00f2giques es poden obtenir uns bons resultats amb un model participatiu i de cooperaci\u00f3 entre els agents p\u00fablics, privats i el teixit empresarial.<\/p>\n<p>L\u2019acci\u00f3 formativa s\u2019ha estructurat en tres sessions amb un total de 15 hores lectives on han participat 25 persones amb c\u00e0rrecs de responsables i personal t\u00e8cnic de l\u2019\u00e0mbit de promoci\u00f3 econ\u00f2mica de l\u2019\u00e0rea metropolitana de Barcelona.<\/p>\n<p>Els continguts treballats han versat en con\u00e8ixer de primera m\u00e0 quin s\u00f3n els principals reptes dels PAE en els entorns de mobilitat, sostenibilitat, seguretat i de la connectivitat.<\/p>\n<p>D\u2019altra banda s\u2019ha posat de relleu com les noves tecnologies poden aplicar-se als pol\u00edgons, com la cooperaci\u00f3 empresarial beneficia mecanismes d\u2019actuaci\u00f3 conjunta i les f\u00f3rmules de col\u00b7laboraci\u00f3 publicoprivada existents que ha finalitzat amb un recull de bones pr\u00e0ctiques.<\/p>\n<p>En el pr\u00f2xim pla de mandat 2019-2023 l\u2019Ag\u00e8ncia de Desenvolupament Econ\u00f2mic de l\u2019AMB seguir\u00e0 treballant per impulsar accions de millora per la dinamitzaci\u00f3 dels PAE metropolitans.<\/p>\n<p style=\"text-align: center\"><a href=\"https:\/\/blogs.amb.cat\/agenciaeconomica\/wp-content\/uploads\/sites\/12\/2019\/07\/Classe.jpg\"><img class=\"aligncenter size-medium wp-image-148\" src=\"https:\/\/blogs.amb.cat\/agenciaeconomica\/wp-content\/uploads\/sites\/12\/2019\/07\/Classe-300x224.jpg\" alt=\"Classe\" width=\"300\" height=\"224\" srcset=\"https:\/\/blogs.amb.cat\/agenciaeconomica\/wp-content\/uploads\/sites\/12\/2019\/07\/Classe-300x224.jpg 300w, https:\/\/blogs.amb.cat\/agenciaeconomica\/wp-content\/uploads\/sites\/12\/2019\/07\/Classe-640x480.jpg 640w, https:\/\/blogs.amb.cat\/agenciaeconomica\/wp-content\/uploads\/sites\/12\/2019\/07\/Classe.jpg 810w\" sizes=\"(max-width: 300px) 100vw, 300px\" \/><\/a><\/p>\n","protected":false},"excerpt":{"rendered":"<p>Smart PAE: les Principals claus per dissenyar l\u2019estrat\u00e8gia intel\u00b7ligent als Pol\u00edgons d\u2019Activitat Econ\u00f2mica (PAE) \u00e9s una acci\u00f3 formativa generada per l\u2019Ag\u00e8ncia de Desenvolupament Econ\u00f2mic que ofereix respostes en mat\u00e8ria de mobilitat, sostenibilitat, seguretat i de la connectivitat dels PAE metropolitans.<\/p>\n","protected":false},"author":25,"featured_media":146,"comment_status":"closed","ping_status":"open","sticky":false,"template":"","format":"standard","meta":{"_oasis_is_in_workflow":0,"_oasis_original":0,"ngg_post_thumbnail":0},"categories":[12,1,52],"tags":[60,54,56,58],"_links":{"self":[{"href":"https:\/\/blogs.amb.cat\/agenciaeconomica\/wp-json\/wp\/v2\/posts\/133"}],"collection":[{"href":"https:\/\/blogs.amb.cat\/agenciaeconomica\/wp-json\/wp\/v2\/posts"}],"about":[{"href":"https:\/\/blogs.amb.cat\/agenciaeconomica\/wp-json\/wp\/v2\/types\/post"}],"author":[{"embeddable":true,"href":"https:\/\/blogs.amb.cat\/agenciaeconomica\/wp-json\/wp\/v2\/users\/25"}],"replies":[{"embeddable":true,"href":"https:\/\/blogs.amb.cat\/agenciaeconomica\/wp-json\/wp\/v2\/comments?post=133"}],"version-history":[{"count":3,"href":"https:\/\/blogs.amb.cat\/agenciaeconomica\/wp-json\/wp\/v2\/posts\/133\/revisions"}],"predecessor-version":[{"id":149,"href":"https:\/\/blogs.amb.cat\/agenciaeconomica\/wp-json\/wp\/v2\/posts\/133\/revisions\/149"}],"wp:featuredmedia":[{"embeddable":true,"href":"https:\/\/blogs.amb.cat\/agenciaeconomica\/wp-json\/wp\/v2\/media\/146"}],"wp:attachment":[{"href":"https:\/\/blogs.amb.cat\/agenciaeconomica\/wp-json\/wp\/v2\/media?parent=133"}],"wp:term":[{"taxonomy":"category","embeddable":true,"href":"https:\/\/blogs.amb.cat\/agenciaeconomica\/wp-json\/wp\/v2\/categories?post=133"},{"taxonomy":"post_tag","embeddable":true,"href":"https:\/\/blogs.amb.cat\/agenciaeconomica\/wp-json\/wp\/v2\/tags?post=133"}],"curies":[{"name":"wp","href":"https:\/\/api.w.org\/{rel}","templated":true}]}}