
 







{"id":161,"date":"2019-09-25T07:47:56","date_gmt":"2019-09-25T07:47:56","guid":{"rendered":"http:\/\/blogs.amb.cat\/agenciaeconomica\/?p=161"},"modified":"2020-12-15T12:54:40","modified_gmt":"2020-12-15T12:54:40","slug":"cap-a-un-model-compartit-datencio-a-lempresa-metropolitana","status":"publish","type":"post","link":"https:\/\/blogs.amb.cat\/agenciaeconomica\/ca\/2019\/09\/25\/cap-a-un-model-compartit-datencio-a-lempresa-metropolitana\/","title":{"rendered":"Cap a un model compartit d\u2019atenci\u00f3 a l\u2019empresa metropolitana"},"content":{"rendered":"<p>Els recursos presents en un territori s\u00f3n factors clau per mesurar el seu grau de competitivitat: parlem tant de recursos naturals com d\u2019equipaments i infraestructures que potencien la capacitat d\u2019atracci\u00f3 d\u2019aquest territori per establir fluxos econ\u00f2mics i generar riquesa, amb el conseq\u00fcent impacte directe que aquest fet t\u00e9 sobre l\u2019ocupaci\u00f3 de les persones que hi viuen.<\/p>\n<p>Conseq\u00fcentment, les pol\u00edtiques de reducci\u00f3 dels \u00edndex d\u2019atur han d\u2019anar lligades a les pol\u00edtiques d\u2019increment de competitivitat de les empreses.<\/p>\n<p>En aquest sentit, l\u2019Administraci\u00f3 ha mobilitzat notables recursos desenvolupant programes d\u2019alta qualitat i especialitzaci\u00f3 per a la creaci\u00f3, acompanyament i creixement de les empreses. Per\u00f2 es fa necessari anar un pas m\u00e9s enll\u00e0: fer de l\u2019empresa el centre de l\u2019atenci\u00f3 dels serveis p\u00fablics de Promoci\u00f3 Econ\u00f2mica, donant resposta a les seves necessitats en terminis i en forma i llenguatge.<\/p>\n<p>Amb aquesta perspectiva estem treballant des de l\u2019<strong><span style=\"color: #ff0000\">Ag\u00e8ncia Metropolitana de Desenvolupament Econ\u00f2mic de l\u2019AMB<\/span><\/strong>: crear una Xarxa d\u2019Oficines d\u2019Atenci\u00f3 a les Empreses (OAE) metropolitanes que estableixi metodologies d\u2019atenci\u00f3 compartides, que reculli bones pr\u00e0ctiques que es puguin fer extensives a tots els serveis municipals del territori metropolit\u00e0 i que optimitzi l\u2019\u00fas d\u2019eines i instruments per aconseguir l\u2019objectiu de maximitzar els resultats i buscar l\u2019impacte positiu que reverteixi en la competitivitat de l\u2019entramat productiu. Es fa necess\u00e0ria la coordinaci\u00f3 interna entre tots els departaments municipals que realitzen algun tipus de tr\u00e0mit o servei cap al teixit empresarial, disposar d\u2019una atenci\u00f3 centralitzada que pugui realitzar la seva tasca amb el m\u00e0xim d\u2019efic\u00e0cia possible i realitzar un seguiment de les demandes.<\/p>\n<p>Per m\u00e9s informaci\u00f3, podeu consultar <a href=\"http:\/\/agenciaeconomica.amb.cat\/ca\/projectes\/detall\/-\/projecteADE\/7223353\/7154508\">http:\/\/agenciaeconomica.amb.cat\/ca\/projectes\/detall\/-\/projecteADE\/7223353\/7154508<\/a><\/p>\n<p style=\"text-align: center\"><a href=\"https:\/\/blogs.amb.cat\/agenciaeconomica\/wp-content\/uploads\/sites\/12\/2019\/09\/OAE-Fons-blanc.jpg\"><img class=\"aligncenter size-medium wp-image-166\" src=\"https:\/\/blogs.amb.cat\/agenciaeconomica\/wp-content\/uploads\/sites\/12\/2019\/09\/OAE-Fons-blanc-300x150.jpg\" alt=\"OAE Fons blanc\" width=\"300\" height=\"150\" srcset=\"https:\/\/blogs.amb.cat\/agenciaeconomica\/wp-content\/uploads\/sites\/12\/2019\/09\/OAE-Fons-blanc-300x150.jpg 300w, https:\/\/blogs.amb.cat\/agenciaeconomica\/wp-content\/uploads\/sites\/12\/2019\/09\/OAE-Fons-blanc-1024x512.jpg 1024w, https:\/\/blogs.amb.cat\/agenciaeconomica\/wp-content\/uploads\/sites\/12\/2019\/09\/OAE-Fons-blanc.jpg 1200w\" sizes=\"(max-width: 300px) 100vw, 300px\" \/><\/a><\/p>\n<p>&nbsp;<\/p>\n","protected":false},"excerpt":{"rendered":"<p>La Xarxa d\u2019Oficines d\u2019Atenci\u00f3 a les Empreses (OAE) metropolitanes treballa per la  millora en la competitivitat de l&#8217;entramat productiu del territori: un pas m\u00e9s del suport de l&#8217;Administraci\u00f3 local per respondre a les necessitats empresarials i per generar un flux econ\u00f2mic que reverteixi en la poblaci\u00f3 <\/p>\n","protected":false},"author":25,"featured_media":164,"comment_status":"closed","ping_status":"open","sticky":false,"template":"","format":"standard","meta":{"_oasis_is_in_workflow":0,"_oasis_original":0,"ngg_post_thumbnail":0},"categories":[12,1],"tags":[22,8,68,72,70],"_links":{"self":[{"href":"https:\/\/blogs.amb.cat\/agenciaeconomica\/wp-json\/wp\/v2\/posts\/161"}],"collection":[{"href":"https:\/\/blogs.amb.cat\/agenciaeconomica\/wp-json\/wp\/v2\/posts"}],"about":[{"href":"https:\/\/blogs.amb.cat\/agenciaeconomica\/wp-json\/wp\/v2\/types\/post"}],"author":[{"embeddable":true,"href":"https:\/\/blogs.amb.cat\/agenciaeconomica\/wp-json\/wp\/v2\/users\/25"}],"replies":[{"embeddable":true,"href":"https:\/\/blogs.amb.cat\/agenciaeconomica\/wp-json\/wp\/v2\/comments?post=161"}],"version-history":[{"count":3,"href":"https:\/\/blogs.amb.cat\/agenciaeconomica\/wp-json\/wp\/v2\/posts\/161\/revisions"}],"predecessor-version":[{"id":167,"href":"https:\/\/blogs.amb.cat\/agenciaeconomica\/wp-json\/wp\/v2\/posts\/161\/revisions\/167"}],"wp:featuredmedia":[{"embeddable":true,"href":"https:\/\/blogs.amb.cat\/agenciaeconomica\/wp-json\/wp\/v2\/media\/164"}],"wp:attachment":[{"href":"https:\/\/blogs.amb.cat\/agenciaeconomica\/wp-json\/wp\/v2\/media?parent=161"}],"wp:term":[{"taxonomy":"category","embeddable":true,"href":"https:\/\/blogs.amb.cat\/agenciaeconomica\/wp-json\/wp\/v2\/categories?post=161"},{"taxonomy":"post_tag","embeddable":true,"href":"https:\/\/blogs.amb.cat\/agenciaeconomica\/wp-json\/wp\/v2\/tags?post=161"}],"curies":[{"name":"wp","href":"https:\/\/api.w.org\/{rel}","templated":true}]}}