
 







{"id":200,"date":"2019-10-03T08:16:27","date_gmt":"2019-10-03T08:16:27","guid":{"rendered":"http:\/\/blogs.amb.cat\/agenciaeconomica\/?p=200"},"modified":"2020-12-15T12:54:40","modified_gmt":"2020-12-15T12:54:40","slug":"premi-ateneu-cooperatiu","status":"publish","type":"post","link":"https:\/\/blogs.amb.cat\/agenciaeconomica\/ca\/2019\/10\/03\/premi-ateneu-cooperatiu\/","title":{"rendered":"Premi Ateneu Cooperatiu"},"content":{"rendered":"<p>El programa de <a href=\"http:\/\/agenciaeconomica.amb.cat\/ca\/projectes\/detall\/-\/projecteADE\/7223651\/7154508\">foment de l\u2019economia cooperativa, social i solid\u00e0ria<\/a> de l\u2019<strong>Ag\u00e8ncia Metropolitana de Desenvolupament Econ\u00f2mic<\/strong> ha participat com a membre del jurat a la\u00a0<span style=\"text-decoration: underline\">segona edici\u00f3 del Premi Ateneu Cooperatiu del Baix Llobregat 2018-19<\/span>, on les entitats guanyadores han estat <strong>Solidan\u00e7a<\/strong>, <strong>CPS Francesc Palau<\/strong> i <strong>Fundaci\u00f3 Cassi\u00e0 Just<\/strong>.<\/p>\n<p>L\u2019acte de lliurament del premi s\u2019ha realitzat el dia 18 de setembre al Consell Comarcal del Baix Llobregat, ubicat al Parc Torreblanca de Sant Feliu de Llobregat. El Premi fa un especialment reconeixement a les entitats d\u2019economia social del nostre territori.<\/p>\n<p>Aquesta segona edici\u00f3 s\u2019ha centrat en valorar de forma priorit\u00e0ria les entitats que destaquen per la seva vocaci\u00f3 social aix\u00ed com la sostenibilitat dels projectes. La intercooperaci\u00f3 amb altres organitzacions de l\u2019economia social o la capacitat innovadora (social o tecnol\u00f2gica) s\u2019han valorat molt a les propostes. A nivell intern, els aspectes m\u00e9s apreciats pel jurat han estat la disposici\u00f3 de plans de formaci\u00f3 en foment de l\u2019economia social i solid\u00e0ria. En segon lloc, per l\u2019aplicaci\u00f3 de criteris de transpar\u00e8ncia a l\u2019organitzaci\u00f3 (taules retributives, processos de decisi\u00f3 i bona governan\u00e7a). En tercer lloc, per la qualitat laboral (contractaci\u00f3 indefinida, conciliaci\u00f3 de la vida personal i el treball). I en quart lloc, pel seu respecte amb el medi ambient.<\/p>\n<p>L\u2019Ag\u00e8ncia felicita a les entitats guanyadores i a totes les participants per la seva tasca en el foment de l\u2019economia social i solid\u00e0ria a la regi\u00f3 l\u2019\u00e0rea metropolitana.<\/p>\n","protected":false},"excerpt":{"rendered":"<p>Lliurament dels Premis Ateneu Cooperatiu del Baix Llobregat 2018-19, amb la participaci\u00f3 de Ag\u00e8ncia Metropolitana de Desenvolupament Econ\u00f2mic<\/p>\n","protected":false},"author":25,"featured_media":214,"comment_status":"closed","ping_status":"open","sticky":false,"template":"","format":"standard","meta":{"_oasis_is_in_workflow":0,"_oasis_original":0,"ngg_post_thumbnail":0},"categories":[82,1],"tags":[90,84,86,88,92],"_links":{"self":[{"href":"https:\/\/blogs.amb.cat\/agenciaeconomica\/wp-json\/wp\/v2\/posts\/200"}],"collection":[{"href":"https:\/\/blogs.amb.cat\/agenciaeconomica\/wp-json\/wp\/v2\/posts"}],"about":[{"href":"https:\/\/blogs.amb.cat\/agenciaeconomica\/wp-json\/wp\/v2\/types\/post"}],"author":[{"embeddable":true,"href":"https:\/\/blogs.amb.cat\/agenciaeconomica\/wp-json\/wp\/v2\/users\/25"}],"replies":[{"embeddable":true,"href":"https:\/\/blogs.amb.cat\/agenciaeconomica\/wp-json\/wp\/v2\/comments?post=200"}],"version-history":[{"count":5,"href":"https:\/\/blogs.amb.cat\/agenciaeconomica\/wp-json\/wp\/v2\/posts\/200\/revisions"}],"predecessor-version":[{"id":218,"href":"https:\/\/blogs.amb.cat\/agenciaeconomica\/wp-json\/wp\/v2\/posts\/200\/revisions\/218"}],"wp:featuredmedia":[{"embeddable":true,"href":"https:\/\/blogs.amb.cat\/agenciaeconomica\/wp-json\/wp\/v2\/media\/214"}],"wp:attachment":[{"href":"https:\/\/blogs.amb.cat\/agenciaeconomica\/wp-json\/wp\/v2\/media?parent=200"}],"wp:term":[{"taxonomy":"category","embeddable":true,"href":"https:\/\/blogs.amb.cat\/agenciaeconomica\/wp-json\/wp\/v2\/categories?post=200"},{"taxonomy":"post_tag","embeddable":true,"href":"https:\/\/blogs.amb.cat\/agenciaeconomica\/wp-json\/wp\/v2\/tags?post=200"}],"curies":[{"name":"wp","href":"https:\/\/api.w.org\/{rel}","templated":true}]}}