
 







{"id":213,"date":"2019-10-04T11:59:18","date_gmt":"2019-10-04T11:59:18","guid":{"rendered":"http:\/\/blogs.amb.cat\/agenciaeconomica\/?p=213"},"modified":"2020-12-15T12:54:40","modified_gmt":"2020-12-15T12:54:40","slug":"aplec-dagricultura-urbana-2019","status":"publish","type":"post","link":"https:\/\/blogs.amb.cat\/agenciaeconomica\/ca\/2019\/10\/04\/aplec-dagricultura-urbana-2019\/","title":{"rendered":"Aplec d\u2019Agricultura Urbana 2019"},"content":{"rendered":"<p style=\"text-align: left\">L\u2019<span style=\"color: #ff0000\"><strong>Ag\u00e8ncia de Desenvolupament Econ\u00f2mic de l\u2019AMB<\/strong><\/span> col\u00b7labora amb l\u2019<strong>Aplec d\u2019Agricultura Urbana 2019<\/strong>.<\/p>\n<p>Dintre del projecte del Pla d&#8217;acci\u00f3 del sistema alimentari que desenvolupa l\u2019Ag\u00e8ncia, el proper octubre es desenvolupa l\u2019<strong>Aplec d\u2019agricultura urbana<\/strong>, <span style=\"text-decoration: line-through\">\u00e9s<\/span> una trobada anual realitzada a Barcelona amb l\u2019objectiu d\u2019apropar a totes les persones interessades en els cultius i horts a la ciutat i generar una xarxa de treball\u00a0efectiva entre tots els participants. \u00a0Est\u00e0 obert a tota la ciutadania en general i orientat especialment a les persones afeccionades, entitats o col\u00b7lectius que participen en projectes d\u2019horts en entorns urbans o periurbans.<\/p>\n<p>L\u2019Aplec d\u2019aquest any vol posar en el centre de gravetat el tema de la biodiversitat i com els horts urbans poder ser espais de promoci\u00f3 d\u2019aquesta a les ciutats. L\u2019Ag\u00e8ncia de Desenvolupament Econ\u00f2mic col\u00b7labora amb els col\u00b7loquis d\u2019agricultura urbana, ja que l\u2019Aplec \u00e9s una oportunitat per promoure l&#8217;agricultura a les ciutats, i des de l\u2019Ag\u00e8ncia es promociona el sistema alimentari metropolit\u00e0. L\u2019Aplec de 2019 s\u2019iniciar\u00e0 amb diverses activitats i tallers a diversos punts de la ciutat del dilluns <strong>14 d\u2019octubre <\/strong>i finalitza en una trobada festiva el <strong>diumenge 20 d\u2019octubre al barri de La Sagrera (Pla\u00e7a de Masada).<\/strong><\/p>\n<p>Entre els objectius de l<em>\u2019<strong><span style=\"color: #ff0000\">Ag\u00e8ncia de Desenvolupament Econ\u00f2mic<\/span><\/strong><\/em> en mat\u00e8ria del pla d\u2019Acci\u00f3 a favor del Sistema Alimentari estan els d\u2019establir les bases per a una pol\u00edtica aliment\u00e0ria que reforci la resili\u00e8ncia del sistema alimentari metropolit\u00e0, en la seva dimensi\u00f3 social, econ\u00f2mica i ambiental. La finalitat \u00e9s garantir la producci\u00f3 i l&#8217;acc\u00e9s a una alimentaci\u00f3 saludable i assequible, amb criteris d&#8217;equitat, conservaci\u00f3 patrimonial i sostenibilitat ambiental.<\/p>\n<p>Disposeu de m\u00e9s informaci\u00f3 a\u00a0<a href=\"http:\/\/agenciaeconomica.amb.cat\/ca\/projectes\/detall\/-\/projecteADE\/7223583\/7154508\">http:\/\/agenciaeconomica.amb.cat\/ca\/projectes\/detall\/-\/projecteADE\/7223583\/7154508<\/a><\/p>\n","protected":false},"excerpt":{"rendered":"<p>L\u2019Ag\u00e8ncia de Desenvolupament Econ\u00f2mic de l\u2019AMB col\u00b7labora amb l\u2019Aplec d\u2019Agricultura Urbana 2019.<\/p>\n","protected":false},"author":25,"featured_media":282,"comment_status":"closed","ping_status":"open","sticky":false,"template":"","format":"standard","meta":{"_oasis_is_in_workflow":0,"_oasis_original":0,"ngg_post_thumbnail":0},"categories":[16,1,94],"tags":[96,42],"_links":{"self":[{"href":"https:\/\/blogs.amb.cat\/agenciaeconomica\/wp-json\/wp\/v2\/posts\/213"}],"collection":[{"href":"https:\/\/blogs.amb.cat\/agenciaeconomica\/wp-json\/wp\/v2\/posts"}],"about":[{"href":"https:\/\/blogs.amb.cat\/agenciaeconomica\/wp-json\/wp\/v2\/types\/post"}],"author":[{"embeddable":true,"href":"https:\/\/blogs.amb.cat\/agenciaeconomica\/wp-json\/wp\/v2\/users\/25"}],"replies":[{"embeddable":true,"href":"https:\/\/blogs.amb.cat\/agenciaeconomica\/wp-json\/wp\/v2\/comments?post=213"}],"version-history":[{"count":2,"href":"https:\/\/blogs.amb.cat\/agenciaeconomica\/wp-json\/wp\/v2\/posts\/213\/revisions"}],"predecessor-version":[{"id":281,"href":"https:\/\/blogs.amb.cat\/agenciaeconomica\/wp-json\/wp\/v2\/posts\/213\/revisions\/281"}],"wp:featuredmedia":[{"embeddable":true,"href":"https:\/\/blogs.amb.cat\/agenciaeconomica\/wp-json\/wp\/v2\/media\/282"}],"wp:attachment":[{"href":"https:\/\/blogs.amb.cat\/agenciaeconomica\/wp-json\/wp\/v2\/media?parent=213"}],"wp:term":[{"taxonomy":"category","embeddable":true,"href":"https:\/\/blogs.amb.cat\/agenciaeconomica\/wp-json\/wp\/v2\/categories?post=213"},{"taxonomy":"post_tag","embeddable":true,"href":"https:\/\/blogs.amb.cat\/agenciaeconomica\/wp-json\/wp\/v2\/tags?post=213"}],"curies":[{"name":"wp","href":"https:\/\/api.w.org\/{rel}","templated":true}]}}