
 







{"id":24,"date":"2019-03-19T12:37:10","date_gmt":"2019-03-19T12:37:10","guid":{"rendered":"http:\/\/blogs.amb.cat\/agenciaeconomica\/?p=24"},"modified":"2020-12-15T12:54:41","modified_gmt":"2020-12-15T12:54:41","slug":"lagencia-de-desenvolupament-economic-promou-les-oficines-datencio-a-lempresa-oae-com-a-metodologia-datencio-a-lempresa-metropolitana","status":"publish","type":"post","link":"https:\/\/blogs.amb.cat\/agenciaeconomica\/ca\/2019\/03\/19\/lagencia-de-desenvolupament-economic-promou-les-oficines-datencio-a-lempresa-oae-com-a-metodologia-datencio-a-lempresa-metropolitana\/","title":{"rendered":"L&#8217;Ag\u00e8ncia de Desenvolupament Econ\u00f2mic promou les Oficines d&#8217;Atenci\u00f3 a l&#8217;Empresa (OAE) com a metodologia d&#8217;atenci\u00f3 a l&#8217;empresa metropolitana."},"content":{"rendered":"<p><span style=\"color: #993300\">Durant el present mes de mar\u00e7, i afegint-se als serveis que ja s\u2019ofereix als municipis metropolitans pel seu suport a l\u2019activitat econ\u00f2mica local, <span style=\"text-decoration: underline\">l\u2019Ag\u00e8ncia de Desenvolupament Econ\u00f2mic<\/span> de l\u2019AMB ha posat en marxa un nou projecte: el <strong><span style=\"text-decoration: underline\">suport i la creaci\u00f3 d&#8217;Oficines d&#8217;Atenci\u00f3 a les Empreses (OAE)<\/span><\/strong>.<\/span><\/p>\n<p><span style=\"color: #993300\">El projecte OAE, prenent com a punt de partida l&#8217;experi\u00e8ncia de <strong>Barcelona Activa<\/strong> en el servei d&#8217;assessorament a les empreses\u00a0i l&#8217;expertesa que en aquesta mat\u00e8ria tenen els <strong>Ajuntaments metropolitans<\/strong>, aprofundir\u00e0 en el funcionament del servei ofert a les empreses, dissenyant\u00a0<strong>un model metropolit\u00e0 base d\u2019atenci\u00f3 a l\u2019empresa i l\u2019emprenedoria<\/strong>. Aquest model inclour\u00e0 un <span style=\"text-decoration: underline\">cat\u00e0leg de serveis<\/span> adaptat a les necessitats dels municipis i les empreses metropolitanes, <span style=\"text-decoration: underline\">formaci\u00f3<\/span> pel personal t\u00e8cnic municipal i un <span style=\"text-decoration: underline\">pla de comunicaci\u00f3<\/span> adre\u00e7at al teixit empresarial.<\/span><\/p>\n<p><span style=\"color: #993300\">L&#8217;atenci\u00f3 a l&#8217;entramat empresarial precisa d&#8217;uns est\u00e0ndards de qualitat i efici\u00e8ncia per tal d&#8217;adaptar-se a les necessitats de les empreses, afavorint processos reactivadors de l\u2019economia i dinamitzador de les societats locals, mitjan\u00e7ant l\u2019aprofitament dels recursos end\u00f2gens existents en un territori determinat i la cooperaci\u00f3 entre l\u2019\u00e0mbit p\u00fablic i el privat. Es busca, doncs, el creixement econ\u00f2mic local, creant ocupaci\u00f3, a fi de millorar la qualitat de vida i el benestar social de les poblacions locals.<\/span><\/p>\n<p><span style=\"color: #993300\">D\u2019aquesta manera, es preveu la creaci\u00f3 d\u2019una eina compartida per tot el territori metropolit\u00e0 per a l&#8217;atenci\u00f3 a l&#8217;empresa, per millorar la competitivitat i efici\u00e8ncia davant dels reptes i necessitats amb que trobin tant les empreses com els municipi metropolitans.<\/span><\/p>\n<p><span style=\"color: #993300\">Podeu consultar m\u00e9s informaci\u00f3 a la p\u00e0gina<\/span> <a href=\"http:\/\/agenciaeconomica.amb.cat\/ca\/projectes\/detall\/-\/projecteADE\/7223353\/7154508\">http:\/\/agenciaeconomica.amb.cat\/ca\/projectes\/detall\/-\/projecteADE\/7223353\/7154508<\/a> .<\/p>\n<figure id=\"attachment_32\" aria-describedby=\"caption-attachment-32\" style=\"width: 267px\" class=\"wp-caption alignnone\"><a href=\"https:\/\/blogs.amb.cat\/agenciaeconomica\/wp-content\/uploads\/sites\/12\/2019\/03\/Economia.png\"><img class=\"size-full wp-image-32\" src=\"https:\/\/blogs.amb.cat\/agenciaeconomica\/wp-content\/uploads\/sites\/12\/2019\/03\/Economia.png\" alt=\"Economia\" width=\"267\" height=\"189\" \/><\/a><figcaption id=\"caption-attachment-32\" class=\"wp-caption-text\">Economia<\/figcaption><\/figure>\n","protected":false},"excerpt":{"rendered":"<p>Durant el present mes de mar\u00e7, i afegint-se als serveis que ja s\u2019ofereix als municipis metropolitans pel seu suport a l\u2019activitat econ\u00f2mica local, l\u2019Ag\u00e8ncia de Desenvolupament Econ\u00f2mic de l\u2019AMB ha posat en marxa un nou projecte: el suport i la creaci\u00f3 d&#8217;Oficines d&#8217;Atenci\u00f3 a les Empreses (OAE). El projecte OAE, prenent com a punt de [&hellip;]<\/p>\n","protected":false},"author":25,"featured_media":33,"comment_status":"closed","ping_status":"open","sticky":false,"template":"","format":"standard","meta":{"_oasis_is_in_workflow":0,"_oasis_original":0,"ngg_post_thumbnail":0},"categories":[12,1],"tags":[],"_links":{"self":[{"href":"https:\/\/blogs.amb.cat\/agenciaeconomica\/wp-json\/wp\/v2\/posts\/24"}],"collection":[{"href":"https:\/\/blogs.amb.cat\/agenciaeconomica\/wp-json\/wp\/v2\/posts"}],"about":[{"href":"https:\/\/blogs.amb.cat\/agenciaeconomica\/wp-json\/wp\/v2\/types\/post"}],"author":[{"embeddable":true,"href":"https:\/\/blogs.amb.cat\/agenciaeconomica\/wp-json\/wp\/v2\/users\/25"}],"replies":[{"embeddable":true,"href":"https:\/\/blogs.amb.cat\/agenciaeconomica\/wp-json\/wp\/v2\/comments?post=24"}],"version-history":[{"count":3,"href":"https:\/\/blogs.amb.cat\/agenciaeconomica\/wp-json\/wp\/v2\/posts\/24\/revisions"}],"predecessor-version":[{"id":36,"href":"https:\/\/blogs.amb.cat\/agenciaeconomica\/wp-json\/wp\/v2\/posts\/24\/revisions\/36"}],"wp:featuredmedia":[{"embeddable":true,"href":"https:\/\/blogs.amb.cat\/agenciaeconomica\/wp-json\/wp\/v2\/media\/33"}],"wp:attachment":[{"href":"https:\/\/blogs.amb.cat\/agenciaeconomica\/wp-json\/wp\/v2\/media?parent=24"}],"wp:term":[{"taxonomy":"category","embeddable":true,"href":"https:\/\/blogs.amb.cat\/agenciaeconomica\/wp-json\/wp\/v2\/categories?post=24"},{"taxonomy":"post_tag","embeddable":true,"href":"https:\/\/blogs.amb.cat\/agenciaeconomica\/wp-json\/wp\/v2\/tags?post=24"}],"curies":[{"name":"wp","href":"https:\/\/api.w.org\/{rel}","templated":true}]}}