
 







{"id":294,"date":"2019-12-03T13:17:47","date_gmt":"2019-12-03T13:17:47","guid":{"rendered":"http:\/\/blogs.amb.cat\/agenciaeconomica\/?p=294"},"modified":"2020-12-15T12:54:40","modified_gmt":"2020-12-15T12:54:40","slug":"25ena-cimera-del-clima-nacions-unides","status":"publish","type":"post","link":"https:\/\/blogs.amb.cat\/agenciaeconomica\/ca\/2019\/12\/03\/25ena-cimera-del-clima-nacions-unides\/","title":{"rendered":"25ena Cimera del Clima Nacions Unides"},"content":{"rendered":"<p>La ciutat de Madrid acull, sota presid\u00e8ncia xilena, d\u2019avui al 13 de desembre, la <strong>vint-i-cinquena Cimera del Clima de les Nacions Unides<\/strong>. Es preveu que a aquest esdeveniment hi assisteixin unes 20.000 o 25.000 persones, entre les quals uns 1.500 joves. Tamb\u00e9 hi ha prevista l\u2019arribada de cinquanta caps d\u2019estat i de govern.<\/p>\n<p>L\u2019objectiu d\u2019aquesta cimera \u00e9s que els pa\u00efsos presentin els seus compromisos i aconseguir un acord en qu\u00e8 s\u2019estableixin obligacions per a tots els estats implicats en el <strong>combat contra el canvi clim\u00e0tic<\/strong>. Concretament, es pret\u00e9n ultimar les regles necess\u00e0ries per a implementar <strong>l\u2019Acord de Par\u00eds<\/strong>, en qu\u00e8 es va establir com a objectiu limitar l\u2019augment de la temperatura aquest segle un m\u00e0xim de dos graus. Aquest acord ha d\u2019estar plenament vigent el 2020, any en qu\u00e8 acaba la vig\u00e8ncia del <strong>Protocol de Kyoto <\/strong>de 1997.<\/p>\n<p>Precisament, la cimera arriba marcada per l\u2019informe sobre la bretxa d\u2019emissions del programa de l<strong>\u2019ONU <\/strong>pel medi ambient. Assenyala que els estats del G-20, responsables del 75% d\u2019emissions de gasos d\u2019efecte hivernacle, no assumeixen les mesures necess\u00e0ries per a complir el comprom\u00eds de <strong>l\u2019Acord de Par\u00eds <\/strong>de mantenir l\u2019escalfament clim\u00e0tic sota els 2 graus l\u2019any vinent. L\u2019informe avisa que el m\u00f3n s\u2019encamina a un augment catastr\u00f2fic de 3,2 graus aquest segle.<\/p>\n<p>Per ajudar a poder complir aquest acord al territori metropolit\u00e0, l\u2019Ag\u00e8ncia de desenvolupament econ\u00f2mic treballa per <strong>fomentar l&#8217;economia verda i circular<\/strong> a trav\u00e9s del desenvolupament de projectes de simbiosi industrial entre les administracions i les empreses del territori, de manera que es potenci\u00efn la sostenibilitat, la innovaci\u00f3 i la competitivitat de l&#8217;activitat econ\u00f2mica. Aix\u00ed es pret\u00e9n impulsar un model metropolit\u00e0 basat en la m\u00e0xima efici\u00e8ncia en l&#8217;\u00fas dels recursos, que promou la reutilitzaci\u00f3 de residus com a noves fonts de materials i d&#8217;energia, i l&#8217;aprofitament de sinergies dins del sistema.<\/p>\n<p>Un altre element clau \u00e9s el <strong>model de sistema alimentari.<\/strong> Si s&#8217;inclouen totes les baules de sistema alimentari (producci\u00f3 agr\u00edcola i ramadera, transport i conservaci\u00f3 d&#8217;aliments, processat i embalatge d&#8217;aliments i totes les deixalles que es generen), l&#8217;alimentaci\u00f3 \u00e9s la responsable de la meitat de les emissions de gasos efecte hivernacle (GEH) generats. Si a m\u00e9s tenim en compte que l&#8217;alimentaci\u00f3 \u00e9s b\u00e0sica i primordial per a la vida de les persones, \u00e9s evident que es tracta d&#8217;una q\u00fcesti\u00f3 important i amb molt potencial per frenar el canvi clim\u00e0tic. Per aquesta ra\u00f3, l\u2019Ag\u00e8ncia treballa per l&#8217;establiment de les bases d&#8217;una pol\u00edtica aliment\u00e0ria que garanteixi la producci\u00f3 i l&#8217;acc\u00e9s a una alimentaci\u00f3 amb criteris d&#8217;equitat, conservaci\u00f3 patrimonial i sostenibilitat ambiental.<\/p>\n","protected":false},"excerpt":{"rendered":"<p>L\u2019Ag\u00e8ncia de desenvolupament econ\u00f2mic treballa per fomentar l&#8217;economia verda i circular a trav\u00e9s del desenvolupament de projectes de simbiosi industrial entre les administracions i les empreses del territori.<\/p>\n","protected":false},"author":25,"featured_media":300,"comment_status":"closed","ping_status":"open","sticky":false,"template":"","format":"standard","meta":{"_oasis_is_in_workflow":0,"_oasis_original":0,"ngg_post_thumbnail":0},"categories":[38,16,1],"tags":[102,40,42],"_links":{"self":[{"href":"https:\/\/blogs.amb.cat\/agenciaeconomica\/wp-json\/wp\/v2\/posts\/294"}],"collection":[{"href":"https:\/\/blogs.amb.cat\/agenciaeconomica\/wp-json\/wp\/v2\/posts"}],"about":[{"href":"https:\/\/blogs.amb.cat\/agenciaeconomica\/wp-json\/wp\/v2\/types\/post"}],"author":[{"embeddable":true,"href":"https:\/\/blogs.amb.cat\/agenciaeconomica\/wp-json\/wp\/v2\/users\/25"}],"replies":[{"embeddable":true,"href":"https:\/\/blogs.amb.cat\/agenciaeconomica\/wp-json\/wp\/v2\/comments?post=294"}],"version-history":[{"count":2,"href":"https:\/\/blogs.amb.cat\/agenciaeconomica\/wp-json\/wp\/v2\/posts\/294\/revisions"}],"predecessor-version":[{"id":298,"href":"https:\/\/blogs.amb.cat\/agenciaeconomica\/wp-json\/wp\/v2\/posts\/294\/revisions\/298"}],"wp:featuredmedia":[{"embeddable":true,"href":"https:\/\/blogs.amb.cat\/agenciaeconomica\/wp-json\/wp\/v2\/media\/300"}],"wp:attachment":[{"href":"https:\/\/blogs.amb.cat\/agenciaeconomica\/wp-json\/wp\/v2\/media?parent=294"}],"wp:term":[{"taxonomy":"category","embeddable":true,"href":"https:\/\/blogs.amb.cat\/agenciaeconomica\/wp-json\/wp\/v2\/categories?post=294"},{"taxonomy":"post_tag","embeddable":true,"href":"https:\/\/blogs.amb.cat\/agenciaeconomica\/wp-json\/wp\/v2\/tags?post=294"}],"curies":[{"name":"wp","href":"https:\/\/api.w.org\/{rel}","templated":true}]}}