
 







{"id":313,"date":"2020-01-28T13:32:00","date_gmt":"2020-01-28T13:32:00","guid":{"rendered":"http:\/\/blogs.amb.cat\/agenciaeconomica\/?p=313"},"modified":"2020-12-15T12:54:40","modified_gmt":"2020-12-15T12:54:40","slug":"gairebe-5000-persones-fan-servir-la-plataforma-de-serveis-per-empreses","status":"publish","type":"post","link":"https:\/\/blogs.amb.cat\/agenciaeconomica\/ca\/2020\/01\/28\/gairebe-5000-persones-fan-servir-la-plataforma-de-serveis-per-empreses\/","title":{"rendered":"Gaireb\u00e9 5000 persones utilitzen la informaci\u00f3 de Serveis per Empreses de l&#8217;AMB"},"content":{"rendered":"<p>La <a href=\"http:\/\/agenciaeconomica.amb.cat\/ca\/projectes\/detall\/-\/projecteADE\/7223338\/7154508\"><strong>Plataforma de Serveis per Empresa i Emprenedoria<\/strong><\/a> de l&#8217;Ag\u00e8ncia Metropolitana de Desenvolupament Econ\u00f2mic de l&#8217;AMB, el recurs que\u00a0 recull en una \u00fanica plataforma la totalitat de l&#8217;oferta de serveis de suport a l&#8217;abast de l&#8217;empresa\u00a0metropolitana, ha tancat l&#8217;any 2019 amb gaireb\u00e9 5000 persones usu\u00e0ries: la feina de redisseny del recurs i d&#8217;actualitzaci\u00f3 de la informaci\u00f3 fa que aquesta eina cada cop estigui m\u00e9s presentant, tant per personal t\u00e8cnic local dels 36 municipis que formen part de l&#8217;\u00c0rea Metropolitana com per les empreses o persones que volen emprendre.<\/p>\n<p>Aix\u00ed, els m\u00e9s de 800 serveis\u00a0presents, que donen resposta a les necessitats empresarials segons les diferents etapes del cicle vital de les organitzacions, han estat depurats i supervisats per personal t\u00e8cnic, per una major utilitat de servei\u00a0per les persones, ja sigui a l&#8217;hora de dissenyar actuacions i pol\u00edtiques p\u00fabliques com a l&#8217;hora de disposar d&#8217;informaci\u00f3 v\u00e0lida per la presa de decisions. D&#8217;aquesta manera, l&#8217;Ag\u00e8ncia d\u00f3na\u00a0suport a la competitivitat de les empreses, amb l&#8217;efecte que aix\u00f2 pot tenir tant a nivell econ\u00f2mic com a nivell d&#8217;ocupaci\u00f3.<\/p>\n<p><a href=\"https:\/\/blogs.amb.cat\/agenciaeconomica\/wp-content\/uploads\/sites\/12\/2020\/01\/Plataforma-191.jpg\"><img class=\"aligncenter size-medium wp-image-320\" src=\"https:\/\/blogs.amb.cat\/agenciaeconomica\/wp-content\/uploads\/sites\/12\/2020\/01\/Plataforma-191-250x300.jpg\" alt=\"Plataforma 19\" width=\"250\" height=\"300\" \/><\/a><\/p>\n","protected":false},"excerpt":{"rendered":"<p>La Plataforma de Serveis per Empresa i Emprenedoria de l&#8217;Ag\u00e8ncia Metropolitana de Desenvolupament Econ\u00f2mic de l&#8217;AMB, el recurs que\u00a0 recull en una \u00fanica plataforma la totalitat de l&#8217;oferta de serveis de suport a l&#8217;abast de l&#8217;empresa\u00a0metropolitana, ha tancat l&#8217;any 2019 amb gaireb\u00e9 5000 persones usu\u00e0ries: la feina de redisseny del recurs i d&#8217;actualitzaci\u00f3 de la [&hellip;]<\/p>\n","protected":false},"author":25,"featured_media":324,"comment_status":"closed","ping_status":"open","sticky":false,"template":"","format":"standard","meta":{"_oasis_is_in_workflow":0,"_oasis_original":0,"ngg_post_thumbnail":0},"categories":[12,1,110],"tags":[8,100,122],"_links":{"self":[{"href":"https:\/\/blogs.amb.cat\/agenciaeconomica\/wp-json\/wp\/v2\/posts\/313"}],"collection":[{"href":"https:\/\/blogs.amb.cat\/agenciaeconomica\/wp-json\/wp\/v2\/posts"}],"about":[{"href":"https:\/\/blogs.amb.cat\/agenciaeconomica\/wp-json\/wp\/v2\/types\/post"}],"author":[{"embeddable":true,"href":"https:\/\/blogs.amb.cat\/agenciaeconomica\/wp-json\/wp\/v2\/users\/25"}],"replies":[{"embeddable":true,"href":"https:\/\/blogs.amb.cat\/agenciaeconomica\/wp-json\/wp\/v2\/comments?post=313"}],"version-history":[{"count":6,"href":"https:\/\/blogs.amb.cat\/agenciaeconomica\/wp-json\/wp\/v2\/posts\/313\/revisions"}],"predecessor-version":[{"id":402,"href":"https:\/\/blogs.amb.cat\/agenciaeconomica\/wp-json\/wp\/v2\/posts\/313\/revisions\/402"}],"wp:featuredmedia":[{"embeddable":true,"href":"https:\/\/blogs.amb.cat\/agenciaeconomica\/wp-json\/wp\/v2\/media\/324"}],"wp:attachment":[{"href":"https:\/\/blogs.amb.cat\/agenciaeconomica\/wp-json\/wp\/v2\/media?parent=313"}],"wp:term":[{"taxonomy":"category","embeddable":true,"href":"https:\/\/blogs.amb.cat\/agenciaeconomica\/wp-json\/wp\/v2\/categories?post=313"},{"taxonomy":"post_tag","embeddable":true,"href":"https:\/\/blogs.amb.cat\/agenciaeconomica\/wp-json\/wp\/v2\/tags?post=313"}],"curies":[{"name":"wp","href":"https:\/\/api.w.org\/{rel}","templated":true}]}}