
 







{"id":338,"date":"2020-04-08T06:45:46","date_gmt":"2020-04-08T06:45:46","guid":{"rendered":"https:\/\/blogs.amb.cat\/agenciaeconomica\/?p=338"},"modified":"2020-12-15T12:54:39","modified_gmt":"2020-12-15T12:54:39","slug":"mes-de-350-mesures-socio-economiques-de-suport-per-fer-front-la-covid19","status":"publish","type":"post","link":"https:\/\/blogs.amb.cat\/agenciaeconomica\/ca\/2020\/04\/08\/mes-de-350-mesures-socio-economiques-de-suport-per-fer-front-la-covid19\/","title":{"rendered":"M\u00e9s de 350 mesures socials i econ\u00f2miques de suport per fer front a les conseq\u00fc\u00e8ncies de la COVID-19"},"content":{"rendered":"<p>L&#8217;AMB, a trav\u00e9s de l&#8217;\u00c0rea de Desenvolupament Social i Econ\u00f2mic, ha creat un<strong> nou recurs web on es recullen m\u00e9s de 350 mesures socioecon\u00f2miques de la metr\u00f2polis de Barcelona destinades a empreses, emprenedors i ciutadania en general per fer front a les conseq\u00fc\u00e8ncies de la COVID-19<\/strong>. D&#8217;aquesta manera es posa a disposici\u00f3 de tothom les mesures que han pres els diferents agents del territori per minimitzar els efectes d&#8217;aquesta crisi, que est\u00e0 afectant fortament el teixit productiu i de serveis, el m\u00f3n professional i, especialment, les persones en situaci\u00f3 de m\u00e9s vulnerabilitat de la metr\u00f2polis de Barcelona.<\/p>\n<p>L&#8217;objectiu d&#8217;aquesta nova eina \u00e9s <strong>centralitzar, visibilitzar i facilitar l&#8217;acc\u00e9s als recursos<\/strong>, la informaci\u00f3 i els serveis que els ajuntaments, les administracions p\u00fabliques i diverses entitats han posat en marxa a tot el territori metropolit\u00e0.<\/p>\n<p><strong><a class=\"noarrow  icon-web\" title=\"Consulteu l'espai web amb recursos socials i econ\u00f2mics\" href=\"https:\/\/agenciaeconomica.amb.cat\/serveis-per-empreses\/covid-19\" target=\"_blank\" rel=\"noopener noreferrer\">Consulteu l&#8217;espai web amb recursos socials i econ\u00f2mics<\/a><\/strong><\/p>\n<h3>Una eina din\u00e0mica i tres grans apartats per organitzar els recursos<\/h3>\n<p>Aquest nou espai web de l&#8217;AMB neix amb la voluntat de ser una <strong>eina din\u00e0mica<\/strong>, de manera que l&#8217;organisme metropolit\u00e0 l&#8217;anir\u00e0 actualitzant i integrant-hi nous recursos a mesura que vagin sorgint. Aix\u00ed mateix, s&#8217;aniran revisant peri\u00f2dicament les mesures ja publicades per assegurar-se que continuen vigents.<\/p>\n<p>L&#8217;espai web es divideix en <strong>tres apartats<\/strong>: mesures socials, mesures econ\u00f2miques i afectacions a programes i projectes propis. En l&#8217;\u00e0mbit de les <strong>mesures socials<\/strong>, destaquen les xarxes de solidaritat ciutadana i la informaci\u00f3 sobre l&#8217;ajornament de taxes i tributs.<\/p>\n<p>En l&#8217;\u00e0mbit de les <strong>mesures econ\u00f2miques <\/strong>es faciliten, entre d&#8217;altres, recursos per a la gesti\u00f3 empresarial, amb informaci\u00f3, per exemple, sobre com aturar l&#8217;activitat sense tancar l&#8217;empresa. Altres informacions que s&#8217;hi inclouen s\u00f3n la gesti\u00f3 dels recursos humans de l&#8217;empresa en aquesta situaci\u00f3 sobrevinguda (teletreball, certificats de mobilitat, assessorament laboral, ERTO, aula virtual, formaci\u00f3 en streaming&#8230;).<\/p>\n<p>Tamb\u00e9 s&#8217;informa sobre recursos econ\u00f2mics directes, com de les subvencions per als aut\u00f2noms o les possibilitats d&#8217;ajornament del pagament de la quota de la Seguretat Social.<\/p>\n","protected":false},"excerpt":{"rendered":"<p>S\u2019ha creat un recull de mesures metropolitanes per a les persones i les empreses per combatre els efectes que ha generat la COVID19<\/p>\n","protected":false},"author":25,"featured_media":344,"comment_status":"closed","ping_status":"open","sticky":false,"template":"","format":"standard","meta":{"_oasis_is_in_workflow":0,"_oasis_original":0,"ngg_post_thumbnail":0},"categories":[12,1,76,110],"tags":[130,132,134,8],"_links":{"self":[{"href":"https:\/\/blogs.amb.cat\/agenciaeconomica\/wp-json\/wp\/v2\/posts\/338"}],"collection":[{"href":"https:\/\/blogs.amb.cat\/agenciaeconomica\/wp-json\/wp\/v2\/posts"}],"about":[{"href":"https:\/\/blogs.amb.cat\/agenciaeconomica\/wp-json\/wp\/v2\/types\/post"}],"author":[{"embeddable":true,"href":"https:\/\/blogs.amb.cat\/agenciaeconomica\/wp-json\/wp\/v2\/users\/25"}],"replies":[{"embeddable":true,"href":"https:\/\/blogs.amb.cat\/agenciaeconomica\/wp-json\/wp\/v2\/comments?post=338"}],"version-history":[{"count":6,"href":"https:\/\/blogs.amb.cat\/agenciaeconomica\/wp-json\/wp\/v2\/posts\/338\/revisions"}],"predecessor-version":[{"id":378,"href":"https:\/\/blogs.amb.cat\/agenciaeconomica\/wp-json\/wp\/v2\/posts\/338\/revisions\/378"}],"wp:featuredmedia":[{"embeddable":true,"href":"https:\/\/blogs.amb.cat\/agenciaeconomica\/wp-json\/wp\/v2\/media\/344"}],"wp:attachment":[{"href":"https:\/\/blogs.amb.cat\/agenciaeconomica\/wp-json\/wp\/v2\/media?parent=338"}],"wp:term":[{"taxonomy":"category","embeddable":true,"href":"https:\/\/blogs.amb.cat\/agenciaeconomica\/wp-json\/wp\/v2\/categories?post=338"},{"taxonomy":"post_tag","embeddable":true,"href":"https:\/\/blogs.amb.cat\/agenciaeconomica\/wp-json\/wp\/v2\/tags?post=338"}],"curies":[{"name":"wp","href":"https:\/\/api.w.org\/{rel}","templated":true}]}}