
 







{"id":359,"date":"2020-06-17T10:17:29","date_gmt":"2020-06-17T10:17:29","guid":{"rendered":"https:\/\/blogs.amb.cat\/agenciaeconomica\/?p=359"},"modified":"2020-12-15T12:54:39","modified_gmt":"2020-12-15T12:54:39","slug":"el-comerc-local-i-els-efectes-de-la-covid-19","status":"publish","type":"post","link":"https:\/\/blogs.amb.cat\/agenciaeconomica\/ca\/2020\/06\/17\/el-comerc-local-i-els-efectes-de-la-covid-19\/","title":{"rendered":"El comer\u00e7 local i els efectes de la covid-19"},"content":{"rendered":"<p>De tothom s\u00f3n coneguts els efectes que ha generat la pand\u00e8mia de la <strong>covid-19<\/strong> a l\u2019entramat econ\u00f2mic local, nacional i internacional. Es pot resumir amb una forta aturada de l\u2019activitat econ\u00f2mica motivada per l\u2019aturada dels clients, dels prove\u00efdors i de les mercaderies: en definitiva, una aturada de la capacitat i volum de negoci de les empreses. \u00d2bviament, aquest fet t\u00e9 una important repercussi\u00f3 en la generaci\u00f3 de riquesa i un gran impacte als \u00edndex d\u2019ocupaci\u00f3 de la poblaci\u00f3.<\/p>\n<p>Aquest fet s\u2019ha vist agreujat en parlar del <strong>comer\u00e7 local<\/strong>, doncs ja presentava car\u00e8ncies a nivell de l\u2019optimitzaci\u00f3 en la gesti\u00f3, de la tecnificaci\u00f3 i millora dels seus recursos i processos o de la capacitat d\u2019adaptar-se a les noves din\u00e0miques. Segons IDESCAT, l&#8217;\u00edndex general de comer\u00e7 al detall (ICD) disminueix un 15,6% interanual a Catalunya al mar\u00e7 de 2020. Per tipus de producte, l&#8217;alimentaci\u00f3 augmenta un 5,7% interanual mentre que la resta de productes disminueix un 33,6%. Dins d&#8217;aquest darrer tipus, els b\u00e9ns d&#8217;equipament personal decreixen un 54,3%, els b\u00e9ns d&#8217;equipament de la llar un 28,9% i la resta de b\u00e9ns un 22,6%, respecte al mateix mes de l&#8217;any anterior.<\/p>\n<p>Afortunadament, la <strong>reactivaci\u00f3<\/strong> est\u00e0 sent un fet. A les nostres ciutats, el comer\u00e7 i serveis estan recuperant mica en mica la seva activitat, i aix\u00f2 implica revitalitzar els nostres centres urbans. Aquest fet sobrepassa les q\u00fcestions econ\u00f2miques, sin\u00f3 que d\u00f3na suport al benestar de les persones i a l\u2019assoliment de la normalitat, o aquesta nova normalitat que ens acompanyar\u00e0 els propers mesos.<\/p>\n<p>El comer\u00e7 local t\u00e9 la necessitat i l\u2019obligaci\u00f3 de fer <strong>recuperar la confian\u00e7a<\/strong> dels seus clients, i la millor forma \u00e9s continuar oferint un <strong>servei de qualitat i proximitat<\/strong>, com ja ve fent des de fa temps: a l\u2019atenci\u00f3 especialitzada ara s\u2019han d\u2019afegir la potenciaci\u00f3 de les mesures higi\u00e8niques i sanit\u00e0ries (una mesura on pensem que el comer\u00e7 ha tingut una molt bona reacci\u00f3).<\/p>\n<p>Tamb\u00e9 \u00e9s necessari preveure actuacions per un possible rebrot a la tardor: tan de bo que no sigui aix\u00ed, per\u00f2 hem d\u2019estar preparats. D\u2019aquesta manera, valorem com necess\u00e0ries les mesures que impliquen una evoluci\u00f3 en el model de negoci, donant rellev\u00e0ncia a aspectes com la <strong>Transformaci\u00f3 Digital<\/strong> (no entesa nom\u00e9s com a la venda a dist\u00e0ncia, sin\u00f3 tamb\u00e9 en la gesti\u00f3 empresarial), la <strong>Formaci\u00f3 i Tecnificaci\u00f3<\/strong> del recursos humans, el desplegament de <strong>normativa<\/strong> que doni suport a la dinamitzaci\u00f3 econ\u00f2mica del sector i, en definitiva, el con\u00e8ixer i donar resposta a les necessitats de la <strong>clientela<\/strong>. I aquestes millores han de consolidar en el nostre comer\u00e7, si aspirem a que sigui competitiu.<\/p>\n<p>Per donar suport a aquest replanteig, l\u2019<span style=\"color: #ff0000\"><strong>Ag\u00e8ncia Metropolitana de Desenvolupament Econ\u00f2mic de l\u2019AMB <\/strong><\/span>acompanya els municipis desplegant diversos programes de d\u2019atenci\u00f3 a l\u2019empresa, evidentment tamb\u00e9 l\u2019empresa comercial No dubteu en consultar-los a <a href=\"https:\/\/agenciaeconomica.amb.cat\/home\">https:\/\/agenciaeconomica.amb.cat\/home<\/a><\/p>\n<p>Entre tots, #reactivem l\u2019economia<\/p>\n<p><a href=\"https:\/\/blogs.amb.cat\/agenciaeconomica\/wp-content\/uploads\/sites\/12\/2020\/06\/covid-19-5077645_1280.jpg\"><img class=\"aligncenter size-medium wp-image-362\" src=\"https:\/\/blogs.amb.cat\/agenciaeconomica\/wp-content\/uploads\/sites\/12\/2020\/06\/covid-19-5077645_1280-300x200.jpg\" alt=\"covid-19-5077645_1280\" width=\"300\" height=\"200\" srcset=\"https:\/\/blogs.amb.cat\/agenciaeconomica\/wp-content\/uploads\/sites\/12\/2020\/06\/covid-19-5077645_1280-300x200.jpg 300w, https:\/\/blogs.amb.cat\/agenciaeconomica\/wp-content\/uploads\/sites\/12\/2020\/06\/covid-19-5077645_1280-1024x682.jpg 1024w, https:\/\/blogs.amb.cat\/agenciaeconomica\/wp-content\/uploads\/sites\/12\/2020\/06\/covid-19-5077645_1280.jpg 1280w\" sizes=\"(max-width: 300px) 100vw, 300px\" \/><\/a><a href=\"https:\/\/blogs.amb.cat\/agenciaeconomica\/wp-content\/uploads\/sites\/12\/2020\/06\/covid-19-5169781_1280.jpg\"><img class=\"aligncenter size-medium wp-image-363\" src=\"https:\/\/blogs.amb.cat\/agenciaeconomica\/wp-content\/uploads\/sites\/12\/2020\/06\/covid-19-5169781_1280-300x200.jpg\" alt=\"covid-19-5169781_1280\" width=\"300\" height=\"200\" srcset=\"https:\/\/blogs.amb.cat\/agenciaeconomica\/wp-content\/uploads\/sites\/12\/2020\/06\/covid-19-5169781_1280-300x200.jpg 300w, https:\/\/blogs.amb.cat\/agenciaeconomica\/wp-content\/uploads\/sites\/12\/2020\/06\/covid-19-5169781_1280-1024x684.jpg 1024w, https:\/\/blogs.amb.cat\/agenciaeconomica\/wp-content\/uploads\/sites\/12\/2020\/06\/covid-19-5169781_1280.jpg 1280w\" sizes=\"(max-width: 300px) 100vw, 300px\" \/><\/a><\/p>\n","protected":false},"excerpt":{"rendered":"<p>El comer\u00e7 local t\u00e9 la necessitat i l\u2019obligaci\u00f3 de fer recuperar la confian\u00e7a dels seus clients pels efectes generats per la Covid19.  Servei, Transformaci\u00f3 Digital, Formaci\u00f3 i Tecnificaci\u00f3, Normativa i Clientela s\u00f3n algun dels components de la recepta per superar-los.<\/p>\n","protected":false},"author":25,"featured_media":362,"comment_status":"closed","ping_status":"open","sticky":false,"template":"","format":"standard","meta":{"_oasis_is_in_workflow":0,"_oasis_original":0,"ngg_post_thumbnail":0},"categories":[28,12,1,14],"tags":[140,138,130,136,20,18,8],"_links":{"self":[{"href":"https:\/\/blogs.amb.cat\/agenciaeconomica\/wp-json\/wp\/v2\/posts\/359"}],"collection":[{"href":"https:\/\/blogs.amb.cat\/agenciaeconomica\/wp-json\/wp\/v2\/posts"}],"about":[{"href":"https:\/\/blogs.amb.cat\/agenciaeconomica\/wp-json\/wp\/v2\/types\/post"}],"author":[{"embeddable":true,"href":"https:\/\/blogs.amb.cat\/agenciaeconomica\/wp-json\/wp\/v2\/users\/25"}],"replies":[{"embeddable":true,"href":"https:\/\/blogs.amb.cat\/agenciaeconomica\/wp-json\/wp\/v2\/comments?post=359"}],"version-history":[{"count":3,"href":"https:\/\/blogs.amb.cat\/agenciaeconomica\/wp-json\/wp\/v2\/posts\/359\/revisions"}],"predecessor-version":[{"id":380,"href":"https:\/\/blogs.amb.cat\/agenciaeconomica\/wp-json\/wp\/v2\/posts\/359\/revisions\/380"}],"wp:featuredmedia":[{"embeddable":true,"href":"https:\/\/blogs.amb.cat\/agenciaeconomica\/wp-json\/wp\/v2\/media\/362"}],"wp:attachment":[{"href":"https:\/\/blogs.amb.cat\/agenciaeconomica\/wp-json\/wp\/v2\/media?parent=359"}],"wp:term":[{"taxonomy":"category","embeddable":true,"href":"https:\/\/blogs.amb.cat\/agenciaeconomica\/wp-json\/wp\/v2\/categories?post=359"},{"taxonomy":"post_tag","embeddable":true,"href":"https:\/\/blogs.amb.cat\/agenciaeconomica\/wp-json\/wp\/v2\/tags?post=359"}],"curies":[{"name":"wp","href":"https:\/\/api.w.org\/{rel}","templated":true}]}}