
 







{"id":39,"date":"2019-03-28T11:04:19","date_gmt":"2019-03-28T11:04:19","guid":{"rendered":"http:\/\/blogs.amb.cat\/agenciaeconomica\/?p=39"},"modified":"2020-12-15T12:54:41","modified_gmt":"2020-12-15T12:54:41","slug":"impulsant-leconomia-local-lassociacionisme-un-punt-de-partida","status":"publish","type":"post","link":"https:\/\/blogs.amb.cat\/agenciaeconomica\/ca\/2019\/03\/28\/impulsant-leconomia-local-lassociacionisme-un-punt-de-partida\/","title":{"rendered":"Impulsant l\u2019economia local. L\u2019Associacionisme, un punt de partida"},"content":{"rendered":"<p>L\u2019any 2018 es va iniciar la prova pilot per la creaci\u00f3, el foment i la dinamitzaci\u00f3 de les associacions empresarials als pol\u00edgons d\u2019activitat econ\u00f2mica (PAE) dels territoris metropolitans.<\/p>\n<p>L\u2019acci\u00f3 est\u00e0 liderada per <a href=\"http:\/\/ade.amb.cat\/\">l\u2019Ag\u00e8ncia de Desenvolupament Econ\u00f2mic<\/a> de l\u2019AMB i comte amb la coparticipaci\u00f3 dels municipis metropolitans implicats i la col\u00b7laboraci\u00f3 de la <a href=\"http:\/\/www.upic.es\/?lang=ca\">Uni\u00f3 de Pol\u00edgons Industrials de Catalunya<\/a> amb la seva expertesa en la mat\u00e8ria.<\/p>\n<p>Els municipis participants on actualment es treballa l\u2019actuaci\u00f3 s\u00f3n Barber\u00e0 del Vall\u00e8s, Esplugues de Llobregat, La Palma de Cervell\u00f3, Molins de Rei, Pallej\u00e0 i Ripollet. L\u2019acci\u00f3 te previst ampliar-se a altres territoris al llarg de l\u2019any 2019.<\/p>\n<p>Les intervencions que es realitzen es divideixen en dues l\u00ednies de treball diferenciades: d\u2019una banda la sensibilitzaci\u00f3 per l\u2019impuls necessari per crear un \u00f2rgan referent que serveixi d\u2019interlocutor de les demandes de les empreses instal\u00b7lades al PAE amb el municipi, i d\u2019altre, l\u2019est\u00edmul per potenciar el creixement i visibilitat els serveis que disposa l\u2019associaci\u00f3 entre les empreses del PAE per con\u00e8ixer les seves actuacions.<\/p>\n<p>La intervenci\u00f3 pret\u00e9n impulsar l\u2019associacionisme empresarial com una eina clau en la dinamitzaci\u00f3 i competitivitat dels PAE aix\u00ed com la promoci\u00f3 de bones pr\u00e0ctiques en l\u2019\u00e0mbit metropolit\u00e0.<\/p>\n<figure id=\"attachment_44\" aria-describedby=\"caption-attachment-44\" style=\"width: 300px\" class=\"wp-caption alignnone\"><a href=\"https:\/\/blogs.amb.cat\/agenciaeconomica\/wp-content\/uploads\/sites\/12\/2019\/03\/Puzzle.jpg\"><img class=\"size-medium wp-image-44\" src=\"https:\/\/blogs.amb.cat\/agenciaeconomica\/wp-content\/uploads\/sites\/12\/2019\/03\/Puzzle-300x300.jpg\" alt=\"Associacionisme\" width=\"300\" height=\"300\" srcset=\"https:\/\/blogs.amb.cat\/agenciaeconomica\/wp-content\/uploads\/sites\/12\/2019\/03\/Puzzle-300x300.jpg 300w, https:\/\/blogs.amb.cat\/agenciaeconomica\/wp-content\/uploads\/sites\/12\/2019\/03\/Puzzle-150x150.jpg 150w, https:\/\/blogs.amb.cat\/agenciaeconomica\/wp-content\/uploads\/sites\/12\/2019\/03\/Puzzle.jpg 592w\" sizes=\"(max-width: 300px) 100vw, 300px\" \/><\/a><figcaption id=\"caption-attachment-44\" class=\"wp-caption-text\">Associacionisme<\/figcaption><\/figure>\n","protected":false},"excerpt":{"rendered":"<p>La dinamitzaci\u00f3 de les associacions empresarials als pol\u00edgons d\u2019activitat econ\u00f2mica (PAE) dels territoris metropolitans. com a mesura de creixement econ\u00f2mic<\/p>\n","protected":false},"author":25,"featured_media":44,"comment_status":"closed","ping_status":"open","sticky":false,"template":"","format":"standard","meta":{"_oasis_is_in_workflow":0,"_oasis_original":0,"ngg_post_thumbnail":0},"categories":[12,1],"tags":[],"_links":{"self":[{"href":"https:\/\/blogs.amb.cat\/agenciaeconomica\/wp-json\/wp\/v2\/posts\/39"}],"collection":[{"href":"https:\/\/blogs.amb.cat\/agenciaeconomica\/wp-json\/wp\/v2\/posts"}],"about":[{"href":"https:\/\/blogs.amb.cat\/agenciaeconomica\/wp-json\/wp\/v2\/types\/post"}],"author":[{"embeddable":true,"href":"https:\/\/blogs.amb.cat\/agenciaeconomica\/wp-json\/wp\/v2\/users\/25"}],"replies":[{"embeddable":true,"href":"https:\/\/blogs.amb.cat\/agenciaeconomica\/wp-json\/wp\/v2\/comments?post=39"}],"version-history":[{"count":3,"href":"https:\/\/blogs.amb.cat\/agenciaeconomica\/wp-json\/wp\/v2\/posts\/39\/revisions"}],"predecessor-version":[{"id":141,"href":"https:\/\/blogs.amb.cat\/agenciaeconomica\/wp-json\/wp\/v2\/posts\/39\/revisions\/141"}],"wp:featuredmedia":[{"embeddable":true,"href":"https:\/\/blogs.amb.cat\/agenciaeconomica\/wp-json\/wp\/v2\/media\/44"}],"wp:attachment":[{"href":"https:\/\/blogs.amb.cat\/agenciaeconomica\/wp-json\/wp\/v2\/media?parent=39"}],"wp:term":[{"taxonomy":"category","embeddable":true,"href":"https:\/\/blogs.amb.cat\/agenciaeconomica\/wp-json\/wp\/v2\/categories?post=39"},{"taxonomy":"post_tag","embeddable":true,"href":"https:\/\/blogs.amb.cat\/agenciaeconomica\/wp-json\/wp\/v2\/tags?post=39"}],"curies":[{"name":"wp","href":"https:\/\/api.w.org\/{rel}","templated":true}]}}