
 







{"id":43,"date":"2019-03-28T11:20:28","date_gmt":"2019-03-28T11:20:28","guid":{"rendered":"http:\/\/blogs.amb.cat\/agenciaeconomica\/?p=43"},"modified":"2020-12-15T12:54:41","modified_gmt":"2020-12-15T12:54:41","slug":"certificacio-de-poligons-la-millora-continua-de-les-arees-empresarials","status":"publish","type":"post","link":"https:\/\/blogs.amb.cat\/agenciaeconomica\/ca\/2019\/03\/28\/certificacio-de-poligons-la-millora-continua-de-les-arees-empresarials\/","title":{"rendered":"Certificaci\u00f3 de Pol\u00edgons, la millora continua de les \u00e0rees empresarials"},"content":{"rendered":"<p>L\u2019Ag\u00e8ncia de Desenvolupament Econ\u00f2mic de l\u2019AMB fomentar\u00e0 a partir d\u2019abril entre els municipis metropolitans la prova pilot per fomentar la certificaci\u00f3 de qualitat als pol\u00edgons d\u2019activitat econ\u00f2mica (PAE).<\/p>\n<p>L\u2019acci\u00f3 t\u00e9 per objectiu oferir un nou servei de suport als ajuntaments metropolitans que serveixi per poder con\u00e8ixer la situaci\u00f3 de les zones d\u2019activitat econ\u00f2mica i un punt de partida en el disseny d\u2019actuacions al territori.<\/p>\n<p>El programa s\u2019impulsa des de l\u2019<a href=\"http:\/\/ade.amb.cat\/\">Ag\u00e8ncia de Desenvolupament Econ\u00f2mic<\/a> en l\u2019acord marc signat amb <a href=\"http:\/\/pimec.org\/\">PIMEC<\/a> on es promou la dinamitzaci\u00f3 dels PAE.<\/p>\n<p>L\u2019actuaci\u00f3 consistir\u00e0 a seleccionar i acompanyar a 20 PAE de l\u2019\u00e0rea metropolitana en el proc\u00e9s de preauditoria amb l\u2019objectiu final d\u2019intentar assolir com a m\u00ednim 8 certificacions metropolitanes de qualitat Pol\u00edgon Q.<\/p>\n<p><a href=\"https:\/\/blogs.amb.cat\/agenciaeconomica\/wp-content\/uploads\/sites\/12\/2019\/03\/Industria.jpg\"><img class=\"alignnone size-medium wp-image-48\" src=\"https:\/\/blogs.amb.cat\/agenciaeconomica\/wp-content\/uploads\/sites\/12\/2019\/03\/Industria-300x168.jpg\" alt=\"Industria\" width=\"300\" height=\"168\" srcset=\"https:\/\/blogs.amb.cat\/agenciaeconomica\/wp-content\/uploads\/sites\/12\/2019\/03\/Industria-300x168.jpg 300w, https:\/\/blogs.amb.cat\/agenciaeconomica\/wp-content\/uploads\/sites\/12\/2019\/03\/Industria.jpg 960w\" sizes=\"(max-width: 300px) 100vw, 300px\" \/><\/a><\/p>\n","protected":false},"excerpt":{"rendered":"<p>La certificaci\u00f3 de qualitat als pol\u00edgons d\u2019activitat econ\u00f2mica (PAE) \u00e9s nou servei de suport als ajuntaments metropolitans que descriu la situaci\u00f3 de les zones d\u2019activitat econ\u00f2mica i un punt de partida en el disseny d\u2019actuacions al territori<\/p>\n","protected":false},"author":25,"featured_media":48,"comment_status":"closed","ping_status":"open","sticky":false,"template":"","format":"standard","meta":{"_oasis_is_in_workflow":0,"_oasis_original":0,"ngg_post_thumbnail":0},"categories":[12,1],"tags":[8],"_links":{"self":[{"href":"https:\/\/blogs.amb.cat\/agenciaeconomica\/wp-json\/wp\/v2\/posts\/43"}],"collection":[{"href":"https:\/\/blogs.amb.cat\/agenciaeconomica\/wp-json\/wp\/v2\/posts"}],"about":[{"href":"https:\/\/blogs.amb.cat\/agenciaeconomica\/wp-json\/wp\/v2\/types\/post"}],"author":[{"embeddable":true,"href":"https:\/\/blogs.amb.cat\/agenciaeconomica\/wp-json\/wp\/v2\/users\/25"}],"replies":[{"embeddable":true,"href":"https:\/\/blogs.amb.cat\/agenciaeconomica\/wp-json\/wp\/v2\/comments?post=43"}],"version-history":[{"count":4,"href":"https:\/\/blogs.amb.cat\/agenciaeconomica\/wp-json\/wp\/v2\/posts\/43\/revisions"}],"predecessor-version":[{"id":140,"href":"https:\/\/blogs.amb.cat\/agenciaeconomica\/wp-json\/wp\/v2\/posts\/43\/revisions\/140"}],"wp:featuredmedia":[{"embeddable":true,"href":"https:\/\/blogs.amb.cat\/agenciaeconomica\/wp-json\/wp\/v2\/media\/48"}],"wp:attachment":[{"href":"https:\/\/blogs.amb.cat\/agenciaeconomica\/wp-json\/wp\/v2\/media?parent=43"}],"wp:term":[{"taxonomy":"category","embeddable":true,"href":"https:\/\/blogs.amb.cat\/agenciaeconomica\/wp-json\/wp\/v2\/categories?post=43"},{"taxonomy":"post_tag","embeddable":true,"href":"https:\/\/blogs.amb.cat\/agenciaeconomica\/wp-json\/wp\/v2\/tags?post=43"}],"curies":[{"name":"wp","href":"https:\/\/api.w.org\/{rel}","templated":true}]}}