
 







{"id":50,"date":"2019-04-08T10:28:24","date_gmt":"2019-04-08T10:28:24","guid":{"rendered":"http:\/\/blogs.amb.cat\/agenciaeconomica\/?p=50"},"modified":"2020-12-15T12:54:41","modified_gmt":"2020-12-15T12:54:41","slug":"plataforma-de-serveis-a-empresa","status":"publish","type":"post","link":"https:\/\/blogs.amb.cat\/agenciaeconomica\/ca\/2019\/04\/08\/plataforma-de-serveis-a-empresa\/","title":{"rendered":"Plataforma de Serveis a Empresa"},"content":{"rendered":"<h3><span style=\"color: #b04f0e\"><strong>#Empresa #AgenciaEcon #AMB<\/strong><\/span><\/h3>\n<h3><span style=\"color: #b04f0e\">L<strong>&#8216;Ag\u00e8ncia de Desenvolupament Econ\u00f2mic de l&#8217;\u00c0rea Metropolitana de Barcelona (AMB)<\/strong>\u00a0continua la seva tasca de suport als ens locals en mat\u00e8ria d&#8217;atenci\u00f3 a\u00a0l&#8217;empresa i l&#8217;emprenedoria del territori metropolit\u00e0, mitjan\u00e7ant\u00a0l\u2019actualitzaci\u00f3 del <strong><span style=\"text-decoration: underline\">Cercador de Serveis per a Empreses<\/span>.\u00a0<\/strong><\/span><\/h3>\n<p><span style=\"color: #b04f0e\">\u00c9s innegable l&#8217;increment d&#8217;\u00fas de les noves tecnologies en la vida quotidiana de les persones. \u00d2bviament, aquest fet tamb\u00e9 aplica a la gesti\u00f3 del teixit empresarial.Per aquest motiu\u00a0s&#8217;ha\u00a0optimitzat el\u00a0cercador\u00a0 de serveis segons diferents eixos de millora:<\/span><\/p>\n<ul>\n<li><span style=\"color: #b04f0e\">Navegaci\u00f3 <b>Responsive<\/b> Multicanal<\/span><\/li>\n<li><span style=\"color: #b04f0e\">Difusi\u00f3 dels prestadors de forma integrada<\/span><\/li>\n<li><span style=\"color: #b04f0e\">Informaci\u00f3 segons les <b>etapes de la vida <\/b>de l\u2019empresa, associat a les seves necessitats<\/span><\/li>\n<li><span style=\"color: #b04f0e\"><b>Cerca assistida <\/b>de la informaci\u00f3<\/span><\/li>\n<li><span style=\"color: #b04f0e\">Organitzaci\u00f3 de la informaci\u00f3 en <b>local i <\/b><b>supralocal<\/b><\/span><\/li>\n<\/ul>\n<p><span style=\"color: #b04f0e\">M\u00e9s informaci\u00f3 \u00fatil i un disseny m\u00e9s \u00e0gil per respondre a les necessitats de l&#8217;empresa i de les persones que vulguin emprendre del territori metropolit\u00e0. <\/span><\/p>\n<p><span style=\"color: #b04f0e\">No dubteu en consultar-ho mitjan\u00e7ant el seg\u00fcent<\/span> <a title=\"Plataforma de Serveis per a Empreses\" href=\"http:\/\/agenciaeconomica.amb.cat\/serveis-per-empreses\" target=\"_blank\" rel=\"noopener\">enlla\u00e7<\/a><\/p>\n<p><a href=\"https:\/\/blogs.amb.cat\/agenciaeconomica\/wp-content\/uploads\/sites\/12\/2019\/04\/IMG_3866.jpg\"><img class=\"size-medium wp-image-54\" src=\"https:\/\/blogs.amb.cat\/agenciaeconomica\/wp-content\/uploads\/sites\/12\/2019\/04\/IMG_3866-300x225.jpg\" alt=\"Jornada t\u00e8cnica Plataforma\" width=\"300\" height=\"225\" srcset=\"https:\/\/blogs.amb.cat\/agenciaeconomica\/wp-content\/uploads\/sites\/12\/2019\/04\/IMG_3866-300x225.jpg 300w, https:\/\/blogs.amb.cat\/agenciaeconomica\/wp-content\/uploads\/sites\/12\/2019\/04\/IMG_3866-1024x768.jpg 1024w, https:\/\/blogs.amb.cat\/agenciaeconomica\/wp-content\/uploads\/sites\/12\/2019\/04\/IMG_3866-640x480.jpg 640w\" sizes=\"(max-width: 300px) 100vw, 300px\" \/><\/a><\/p>\n<p><a href=\"https:\/\/blogs.amb.cat\/agenciaeconomica\/wp-content\/uploads\/sites\/12\/2019\/04\/2_Fons-de-pantalla-PETIT.jpg\"><img class=\"size-medium wp-image-53\" src=\"https:\/\/blogs.amb.cat\/agenciaeconomica\/wp-content\/uploads\/sites\/12\/2019\/04\/2_Fons-de-pantalla-PETIT-300x225.jpg\" alt=\"Plataforma de Serveis\" width=\"300\" height=\"225\" \/><\/a><\/p>\n","protected":false},"excerpt":{"rendered":"<p>L&#8217;Ag\u00e8ncia de Desenvolupament Econ\u00f2mic de l&#8217;\u00c0rea Metropolitana de Barcelona (AMB) continua la seva tasca de suport als ens locals en mat\u00e8ria d&#8217;atenci\u00f3 a l&#8217;empresa i l&#8217;emprenedoria del territori metropolit\u00e0, mitjan\u00e7ant l\u2019actualitzaci\u00f3 del Cercador de Serveis per a Empreses. <\/p>\n","protected":false},"author":25,"featured_media":56,"comment_status":"closed","ping_status":"open","sticky":false,"template":"","format":"standard","meta":{"_oasis_is_in_workflow":0,"_oasis_original":0,"ngg_post_thumbnail":0},"categories":[12,1],"tags":[8],"_links":{"self":[{"href":"https:\/\/blogs.amb.cat\/agenciaeconomica\/wp-json\/wp\/v2\/posts\/50"}],"collection":[{"href":"https:\/\/blogs.amb.cat\/agenciaeconomica\/wp-json\/wp\/v2\/posts"}],"about":[{"href":"https:\/\/blogs.amb.cat\/agenciaeconomica\/wp-json\/wp\/v2\/types\/post"}],"author":[{"embeddable":true,"href":"https:\/\/blogs.amb.cat\/agenciaeconomica\/wp-json\/wp\/v2\/users\/25"}],"replies":[{"embeddable":true,"href":"https:\/\/blogs.amb.cat\/agenciaeconomica\/wp-json\/wp\/v2\/comments?post=50"}],"version-history":[{"count":6,"href":"https:\/\/blogs.amb.cat\/agenciaeconomica\/wp-json\/wp\/v2\/posts\/50\/revisions"}],"predecessor-version":[{"id":386,"href":"https:\/\/blogs.amb.cat\/agenciaeconomica\/wp-json\/wp\/v2\/posts\/50\/revisions\/386"}],"wp:featuredmedia":[{"embeddable":true,"href":"https:\/\/blogs.amb.cat\/agenciaeconomica\/wp-json\/wp\/v2\/media\/56"}],"wp:attachment":[{"href":"https:\/\/blogs.amb.cat\/agenciaeconomica\/wp-json\/wp\/v2\/media?parent=50"}],"wp:term":[{"taxonomy":"category","embeddable":true,"href":"https:\/\/blogs.amb.cat\/agenciaeconomica\/wp-json\/wp\/v2\/categories?post=50"},{"taxonomy":"post_tag","embeddable":true,"href":"https:\/\/blogs.amb.cat\/agenciaeconomica\/wp-json\/wp\/v2\/tags?post=50"}],"curies":[{"name":"wp","href":"https:\/\/api.w.org\/{rel}","templated":true}]}}