
 







{"id":514,"date":"2025-02-03T07:57:51","date_gmt":"2025-02-03T07:57:51","guid":{"rendered":"https:\/\/blogs.amb.cat\/agenciaeconomica\/?p=514"},"modified":"2025-04-27T14:49:05","modified_gmt":"2025-04-27T14:49:05","slug":"nova-bandera-q-de-qualitat-a-lamb-el-parc-tecnologic-del-valles-ptv-de-cerdanyola-del-valles-ha-assolit-aquest-distintiu","status":"publish","type":"post","link":"https:\/\/blogs.amb.cat\/agenciaeconomica\/ca\/2025\/02\/03\/nova-bandera-q-de-qualitat-a-lamb-el-parc-tecnologic-del-valles-ptv-de-cerdanyola-del-valles-ha-assolit-aquest-distintiu\/","title":{"rendered":"Nova bandera &#8220;Q&#8221; de qualitat al Parc Tecnol\u00f2gic del Vall\u00e8s (PTV) de Cerdanyola del Vall\u00e8s"},"content":{"rendered":"\n<p>Aquest mes de febrer s&#8217;ha fet l\u2019acte de lliurament de la bandera &#8220;Q&#8221; de qualitat al <a rel=\"noreferrer noopener\" href=\"https:\/\/ptv.cat\/\" data-type=\"URL\" data-id=\"https:\/\/ptv.cat\/\" target=\"_blank\">Parc Tecnol\u00f2gic del Vall\u00e8s<\/a> per part de la  Coordinadora Espa\u00f1ola de Pol\u00edgonos Empresariales (<strong><a rel=\"noreferrer noopener\" href=\"https:\/\/poligonosempresariales.es\/\" data-type=\"URL\" data-id=\"https:\/\/poligonosempresariales.es\/\" target=\"_blank\">CEPE<\/a><\/strong>) a les instal\u00b7lacions de Can Serra, equipament municipal on es troben els serveis de Promoci\u00f3 Econ\u00f2mica de l\u2019Ajuntament de Cerdanyola del Vall\u00e8s. Un projecte coordinat des de l\u2019Ag\u00e8ncia de Desenvolupament Econ\u00f2mic de l&#8217;AMB, amb el suport de PIMEC.  Despr\u00e9s de mesos de treball, la cerificaci\u00f3 per part d&#8217;AENOR ha estat cabdal per assolir l\u2019objectiu, gr\u00e0cies a moltes de les persones que han participat, aix\u00ed com diferents serveis de les diferents institucions implicades.<br><br>A la valoraci\u00f3 sobre aspectes urban\u00edstics, d\u2019ordre i manteniment de l\u2019espai p\u00fablic, de mobilitat interna, de transport, de connectivitat i de cohesi\u00f3 amb el territori, s\u2019afegeixen a la capacitat i voluntat del teixit empresarial i de les administracions per fer un front com\u00fa, i dotar del territori dels serveis i infraestructures necessaries per augmentar la competitivitat empresarial local. Les fases de diagnosi, cerca d\u2019informaci\u00f3 i prospecci\u00f3, porten despr\u00e9s a l\u2019avaluaci\u00f3 de l\u2019estat del PAE, al \u201ccheck-list\u201d de compliment i a la certificaci\u00f3 final.<br><br>L\u2019acte de lliurament de la cerificaci\u00f3 &#8220;Q&#8221; ha estat presidit per l\u2019alcalde de Cerdanyola del Vall\u00e8s, Carles Cordon, i el vicepresident de CEPE David Gim\u00e9nez. Ha estat presents tamb\u00e9, la regidora de promoci\u00f3 econ\u00f2mica del consistori Cristina Padilla i la directora de l\u2019\u00c0rea de Desenvolupament Social i Econ\u00f2mic de l\u2019AMB, Ester Pujol, aix\u00ed com representants de Cerdanyola Empresarial, membres del Parc Tecnol\u00f2gic del Vall\u00e8s, empresariat i d\u2019altres institucions i el personal t\u00e8cnic de l\u2019Ajuntament de Cerdanyola del Vall\u00e8s i de PIMEC. Tamb\u00e9 hi era present, el cap de Competitivitat Empresarial Local de l\u2019Ag\u00e8ncia de Desenvolupament Econ\u00f2mic, Pere Soler .<br><br>Hores d&#8217;ara, la metr\u00f2polis de Barcelona disposa de 3 pol\u00edgons amb la certificaci\u00f3 de CEPE i, es segueix treballant per aconseguir dos certificacions m\u00e9s al llarg del 2025. Es tracten dels PAE Compte de Sert (de Castellbisbal) i dels Pinetons (Ripollet). Tamb\u00e9 es treballa per assolir les renovacions d&#8217;aquest segell de qualitat, als pol\u00edgons del Pla (Sant Feliu de Llobregat) i Snatiga (Barber\u00e0 del Vall\u00e8s).<\/p>\n","protected":false},"excerpt":{"rendered":"<p>Aquest mes de febrer s&#8217;ha fet l\u2019acte de lliurament de la bandera &#8220;Q&#8221; de qualitat al Parc Tecnol\u00f2gic del Vall\u00e8s per part de la Coordinadora Espa\u00f1ola de Pol\u00edgonos Empresariales (CEPE) a les instal\u00b7lacions de Can Serra, equipament municipal on es troben els serveis de Promoci\u00f3 Econ\u00f2mica de l\u2019Ajuntament de Cerdanyola del Vall\u00e8s. Un projecte coordinat [&hellip;]<\/p>\n","protected":false},"author":25,"featured_media":515,"comment_status":"closed","ping_status":"open","sticky":false,"template":"","format":"standard","meta":{"_oasis_is_in_workflow":0,"_oasis_original":0,"ngg_post_thumbnail":0},"categories":[12,1,76],"tags":[],"_links":{"self":[{"href":"https:\/\/blogs.amb.cat\/agenciaeconomica\/wp-json\/wp\/v2\/posts\/514"}],"collection":[{"href":"https:\/\/blogs.amb.cat\/agenciaeconomica\/wp-json\/wp\/v2\/posts"}],"about":[{"href":"https:\/\/blogs.amb.cat\/agenciaeconomica\/wp-json\/wp\/v2\/types\/post"}],"author":[{"embeddable":true,"href":"https:\/\/blogs.amb.cat\/agenciaeconomica\/wp-json\/wp\/v2\/users\/25"}],"replies":[{"embeddable":true,"href":"https:\/\/blogs.amb.cat\/agenciaeconomica\/wp-json\/wp\/v2\/comments?post=514"}],"version-history":[{"count":6,"href":"https:\/\/blogs.amb.cat\/agenciaeconomica\/wp-json\/wp\/v2\/posts\/514\/revisions"}],"predecessor-version":[{"id":530,"href":"https:\/\/blogs.amb.cat\/agenciaeconomica\/wp-json\/wp\/v2\/posts\/514\/revisions\/530"}],"wp:featuredmedia":[{"embeddable":true,"href":"https:\/\/blogs.amb.cat\/agenciaeconomica\/wp-json\/wp\/v2\/media\/515"}],"wp:attachment":[{"href":"https:\/\/blogs.amb.cat\/agenciaeconomica\/wp-json\/wp\/v2\/media?parent=514"}],"wp:term":[{"taxonomy":"category","embeddable":true,"href":"https:\/\/blogs.amb.cat\/agenciaeconomica\/wp-json\/wp\/v2\/categories?post=514"},{"taxonomy":"post_tag","embeddable":true,"href":"https:\/\/blogs.amb.cat\/agenciaeconomica\/wp-json\/wp\/v2\/tags?post=514"}],"curies":[{"name":"wp","href":"https:\/\/api.w.org\/{rel}","templated":true}]}}