
 







{"id":1037,"date":"2022-05-09T00:08:00","date_gmt":"2022-05-08T22:08:00","guid":{"rendered":"https:\/\/blogs.amb.cat\/alimentaciometropolitana\/?p=1037"},"modified":"2025-03-17T14:38:08","modified_gmt":"2025-03-17T12:38:08","slug":"un-dispositiu-contra-el-malbaratament-alimentari-guanya-el-repte-recircula-2022","status":"publish","type":"post","link":"https:\/\/blogs.amb.cat\/alimentaciometropolitana\/2022\/05\/09\/un-dispositiu-contra-el-malbaratament-alimentari-guanya-el-repte-recircula-2022\/","title":{"rendered":"Un dispositiu contra el malbaratament alimentari guanya el repte Recircula 2022"},"content":{"rendered":"\n<p class=\"has-medium-font-size\">La competici\u00f3 premia els millors treballs de fi de grau i m\u00e0ster que afavoreixen un consum responsable<\/p>\n\n\n\n<p>\u201cQuines solucions d&#8217;economia circular podem imaginar per fer que el sistema alimentari local i global sigui m\u00e9s sostenible?\u201d. Aquesta \u00e9s la pregunta que el <a rel=\"noreferrer noopener\" href=\"https:\/\/eebe.upc.edu\/ca\/lescola\/hub-recircula\" target=\"_blank\">hub Recircula<\/a>, format per la Universitat Polit\u00e8cnica de Catalunya (UPC) i l\u2019\u00c0rea Metropolitana de Barcelona (AMB), va llan\u00e7ar el novembre del 2021 als estudiants de la Xarxa Vives d\u2019Universitats. I des de dijous passat la pregunta t\u00e9 resposta, perqu\u00e8 es van donar a con\u00e8ixer els equips guanyadors a la gala final del <a rel=\"noreferrer noopener\" href=\"https:\/\/recirculachallenge.upc.edu\/ca\" target=\"_blank\">repte<\/a>.<\/p>\n\n\n\n<p>Aeye, un dispositiu per reduir el malbaratament alimentari, va aconseguir el primer premi, dotat amb 3.000 \u20ac. El segon lloc va ser per a FAMBCN, una proposta de models residencials-productius provats objectivament en \u00e0mbits tradicionalment agraris, amb 1.500 \u20ac. El tercer premi va ser per a e-Grosens, uns sensors de baix cost per optimitzar els recursos agr\u00edcoles, que va rebre 500 \u20ac. I el premi del p\u00fablic va anar a parar a La petjada, un sistema perqu\u00e8 l\u2019estalvi dom\u00e8stic de CO 2 es transformi en descomptes a l\u2019hora de comprar.<\/p>\n\n\n\n<p>A la fase final del repte <a href=\"https:\/\/recirculachallenge.upc.edu\/ca\/equips\" target=\"_blank\" rel=\"noreferrer noopener\">Recircula 2022<\/a> hi van arribar vuit equips, cadascun dels quals va tenir cinc minuts per presentar-se a la gala. L\u2019objectiu de la competici\u00f3 \u00e9s \u201crecon\u00e8ixer els millors treballs de fi de grau i m\u00e0ster orientats a la reducci\u00f3 del consum de recursos i la contaminaci\u00f3 des de la fase de disseny, a allargar la vida dels productes i a aportar solucions per tancar cicles dels materials i regenerar els sistemes naturals\u201d, explica l\u2019organitzaci\u00f3 al seu web.<\/p>\n\n\n\n<p>L\u2019acte va comptar amb les intervencions d\u2019Adriana Farran, directora de l\u2019Escola d\u2019Enginyeria Barcelona Est (organitzadora del repte), Imma Mayol, directora de l\u2019\u00c0rea d\u2019Ecologia de l\u2019AMB, Anna Gras, directora de l\u2019Escola d\u2019Enginyeria Agroaliment\u00e0ria i de Biosistemes de Barcelona, i Fina Antonijuan, vicerectora de Responsabilitat Social i Igualtat de la UPC.<\/p>\n","protected":false},"excerpt":{"rendered":"<p>La competici\u00f3 premia els millors treballs de fi de grau i m\u00e0ster que afavoreixen un consum responsable \u201cQuines solucions d&#8217;economia circular podem imaginar per fer que el sistema alimentari local i global sigui m\u00e9s sostenible?\u201d. Aquesta \u00e9s la pregunta que el hub Recircula, format per la Universitat Polit\u00e8cnica de Catalunya (UPC) i l\u2019\u00c0rea Metropolitana de [&hellip;]<\/p>\n","protected":false},"author":38,"featured_media":1038,"comment_status":"closed","ping_status":"open","sticky":false,"template":"","format":"standard","meta":{"_oasis_is_in_workflow":0,"_oasis_original":0,"ngg_post_thumbnail":0},"categories":[1,187],"tags":[13,23,30,130,82],"_links":{"self":[{"href":"https:\/\/blogs.amb.cat\/alimentaciometropolitana\/wp-json\/wp\/v2\/posts\/1037"}],"collection":[{"href":"https:\/\/blogs.amb.cat\/alimentaciometropolitana\/wp-json\/wp\/v2\/posts"}],"about":[{"href":"https:\/\/blogs.amb.cat\/alimentaciometropolitana\/wp-json\/wp\/v2\/types\/post"}],"author":[{"embeddable":true,"href":"https:\/\/blogs.amb.cat\/alimentaciometropolitana\/wp-json\/wp\/v2\/users\/38"}],"replies":[{"embeddable":true,"href":"https:\/\/blogs.amb.cat\/alimentaciometropolitana\/wp-json\/wp\/v2\/comments?post=1037"}],"version-history":[{"count":3,"href":"https:\/\/blogs.amb.cat\/alimentaciometropolitana\/wp-json\/wp\/v2\/posts\/1037\/revisions"}],"predecessor-version":[{"id":1043,"href":"https:\/\/blogs.amb.cat\/alimentaciometropolitana\/wp-json\/wp\/v2\/posts\/1037\/revisions\/1043"}],"wp:featuredmedia":[{"embeddable":true,"href":"https:\/\/blogs.amb.cat\/alimentaciometropolitana\/wp-json\/wp\/v2\/media\/1038"}],"wp:attachment":[{"href":"https:\/\/blogs.amb.cat\/alimentaciometropolitana\/wp-json\/wp\/v2\/media?parent=1037"}],"wp:term":[{"taxonomy":"category","embeddable":true,"href":"https:\/\/blogs.amb.cat\/alimentaciometropolitana\/wp-json\/wp\/v2\/categories?post=1037"},{"taxonomy":"post_tag","embeddable":true,"href":"https:\/\/blogs.amb.cat\/alimentaciometropolitana\/wp-json\/wp\/v2\/tags?post=1037"}],"curies":[{"name":"wp","href":"https:\/\/api.w.org\/{rel}","templated":true}]}}