
 







{"id":1045,"date":"2022-05-12T08:00:00","date_gmt":"2022-05-12T06:00:00","guid":{"rendered":"https:\/\/blogs.amb.cat\/alimentaciometropolitana\/?p=1045"},"modified":"2025-03-17T14:37:59","modified_gmt":"2025-03-17T12:37:59","slug":"barcelona-acull-la-segona-edicio-de-les-48h","status":"publish","type":"post","link":"https:\/\/blogs.amb.cat\/alimentaciometropolitana\/2022\/05\/12\/barcelona-acull-la-segona-edicio-de-les-48h\/","title":{"rendered":"Barcelona acull la segona edici\u00f3 de Les 48 h"},"content":{"rendered":"\n<p class=\"has-medium-font-size\">El festival que posa en valor l\u2019agricultura i el verd urbans<\/p>\n\n\n\n<p>Quants arbres hi ha a Barcelona? I horts? Quina diversitat verda ofereix la ciutat? Qu\u00e8 pot fer la ciutadania per augmentarel nombre de flors, plantes i hortalisses i tenir-ne cura? Aquest cap de setmana, 14 i 15 de maig, la segona edici\u00f3 del festival <a rel=\"noreferrer noopener\" href=\"https:\/\/les48h.cat\/\" target=\"_blank\">Les 48 h<\/a> permetr\u00e0 resoldre aquestes i altres preguntes.<\/p>\n\n\n\n<p>Durant els dos dies, els deu districtes de la ciutat acolliran una cinquantena de xerrades, tallers, visites i experi\u00e8ncies per donar a con\u00e8ixer com s\u00f3n els espais verds de Barcelona, la pagesia que hi conviu i com iniciar-se en l\u2019agricultura urbana. L\u2019activitat tamb\u00e9 s\u2019estendr\u00e0 per la rodalia de la capital catalana, a Collserola, amb un taller de plantes arom\u00e0tiques a Can Pujades i una visita a la masia de Can Calopa.<\/p>\n\n\n\n<p>Podeu consultar el programa d\u2019activitats <a href=\"https:\/\/les48h.cat\/mapa\/\" target=\"_blank\" rel=\"noreferrer noopener\">aqu\u00ed<\/a>.<\/p>\n","protected":false},"excerpt":{"rendered":"<p>El festival que posa en valor l\u2019agricultura i el verd urbans Quants arbres hi ha a Barcelona? I horts? Quina diversitat verda ofereix la ciutat? Qu\u00e8 pot fer la ciutadania per augmentarel nombre de flors, plantes i hortalisses i tenir-ne cura? Aquest cap de setmana, 14 i 15 de maig, la segona edici\u00f3 del festival [&hellip;]<\/p>\n","protected":false},"author":38,"featured_media":1046,"comment_status":"closed","ping_status":"open","sticky":false,"template":"","format":"standard","meta":{"_oasis_is_in_workflow":0,"_oasis_original":0,"ngg_post_thumbnail":0},"categories":[1,183],"tags":[34,10,4],"_links":{"self":[{"href":"https:\/\/blogs.amb.cat\/alimentaciometropolitana\/wp-json\/wp\/v2\/posts\/1045"}],"collection":[{"href":"https:\/\/blogs.amb.cat\/alimentaciometropolitana\/wp-json\/wp\/v2\/posts"}],"about":[{"href":"https:\/\/blogs.amb.cat\/alimentaciometropolitana\/wp-json\/wp\/v2\/types\/post"}],"author":[{"embeddable":true,"href":"https:\/\/blogs.amb.cat\/alimentaciometropolitana\/wp-json\/wp\/v2\/users\/38"}],"replies":[{"embeddable":true,"href":"https:\/\/blogs.amb.cat\/alimentaciometropolitana\/wp-json\/wp\/v2\/comments?post=1045"}],"version-history":[{"count":3,"href":"https:\/\/blogs.amb.cat\/alimentaciometropolitana\/wp-json\/wp\/v2\/posts\/1045\/revisions"}],"predecessor-version":[{"id":1070,"href":"https:\/\/blogs.amb.cat\/alimentaciometropolitana\/wp-json\/wp\/v2\/posts\/1045\/revisions\/1070"}],"wp:featuredmedia":[{"embeddable":true,"href":"https:\/\/blogs.amb.cat\/alimentaciometropolitana\/wp-json\/wp\/v2\/media\/1046"}],"wp:attachment":[{"href":"https:\/\/blogs.amb.cat\/alimentaciometropolitana\/wp-json\/wp\/v2\/media?parent=1045"}],"wp:term":[{"taxonomy":"category","embeddable":true,"href":"https:\/\/blogs.amb.cat\/alimentaciometropolitana\/wp-json\/wp\/v2\/categories?post=1045"},{"taxonomy":"post_tag","embeddable":true,"href":"https:\/\/blogs.amb.cat\/alimentaciometropolitana\/wp-json\/wp\/v2\/tags?post=1045"}],"curies":[{"name":"wp","href":"https:\/\/api.w.org\/{rel}","templated":true}]}}