
 







{"id":105,"date":"2021-05-31T08:33:37","date_gmt":"2021-05-31T06:33:37","guid":{"rendered":"https:\/\/blogs.amb.cat\/alimentaciometropolitana\/?p=105"},"modified":"2021-05-31T08:33:37","modified_gmt":"2021-05-31T06:33:37","slug":"tercera-edicio-de-la-universitat-destiu-de-mercabarna","status":"publish","type":"post","link":"https:\/\/blogs.amb.cat\/alimentaciometropolitana\/2021\/05\/31\/tercera-edicio-de-la-universitat-destiu-de-mercabarna\/","title":{"rendered":"Tercera edici\u00f3 de la Universitat d\u2019Estiu de Mercabarna"},"content":{"rendered":"\n<p class=\"has-medium-font-size\">L\u2019alimentaci\u00f3 sostenible en ser\u00e0 la protagonista<\/p>\n\n\n\n<p>La promoci\u00f3 de l\u2019alimentaci\u00f3 sostenible protagonitzar\u00e0 la tercera edici\u00f3 de la Universitat d\u2019Estiu de Mercabarna, que tindr\u00e0 lloc entre el 5 i el 7 de juliol. La iniciativa s\u2019ha estructurat en tres blocs, dedicats a l\u2019aprofitament alimentari, l\u2019alimentaci\u00f3 sostenible com a tal i la innovaci\u00f3 tecnol\u00f2gica.<\/p>\n\n\n\n<p>Amb aquest programa es pret\u00e9n oferir una visi\u00f3 global sobre tots els agents que fan possible un sistema alimentari sostenible: productors, majoristes, detallistes, restauradors i consumidors finals. Tamb\u00e9 servir\u00e0 per intercanviar experi\u00e8ncies, analitzar estrat\u00e8gies que s\u2019estan aplicant arreu del m\u00f3n i per posar-se al dia sobre com s\u2019est\u00e0 desenvolupant aquest \u00e0mbit.<\/p>\n\n\n\n<p>La Universitat d\u2019Estiu de Mercabarna compta amb la col\u00b7laboraci\u00f3 de l&#8217;Escola Superior d&#8217;Agricultura de la Universitat Polit\u00e8cnica de Catalunya (UPC) i s\u2019adre\u00e7a tant a estudiants de graus relacionats amb l\u2019alimentaci\u00f3 sostenible com a empresaris de pimes i professionals t\u00e8cnics de les empreses del sector agroalimentari.<\/p>\n\n\n\n<p>Enguany, i com a conseq\u00fc\u00e8ncia de les mesures contra la Covid-19, les classes combinaran el format presencial amb el digital (amb emissions en directe en streaming).<\/p>\n\n\n\n<p>Podeu consultar el programa i inscriure\u2019us <a href=\"https:\/\/www.mercabarna.es\/serveis\/formacio\/universitat-estiu-2021\/\" target=\"_blank\" rel=\"noreferrer noopener\">aqu\u00ed<\/a>.<\/p>\n","protected":false},"excerpt":{"rendered":"<p>L\u2019alimentaci\u00f3 sostenible en ser\u00e0 la protagonista La promoci\u00f3 de l\u2019alimentaci\u00f3 sostenible protagonitzar\u00e0 la tercera edici\u00f3 de la Universitat d\u2019Estiu de Mercabarna, que tindr\u00e0 lloc entre el 5 i el 7 de juliol. La iniciativa s\u2019ha estructurat en tres blocs, dedicats a l\u2019aprofitament alimentari, l\u2019alimentaci\u00f3 sostenible com a tal i la innovaci\u00f3 tecnol\u00f2gica. Amb aquest programa [&hellip;]<\/p>\n","protected":false},"author":38,"featured_media":106,"comment_status":"closed","ping_status":"open","sticky":false,"template":"","format":"standard","meta":{"_oasis_is_in_workflow":0,"_oasis_original":0,"ngg_post_thumbnail":0},"categories":[1],"tags":[14],"_links":{"self":[{"href":"https:\/\/blogs.amb.cat\/alimentaciometropolitana\/wp-json\/wp\/v2\/posts\/105"}],"collection":[{"href":"https:\/\/blogs.amb.cat\/alimentaciometropolitana\/wp-json\/wp\/v2\/posts"}],"about":[{"href":"https:\/\/blogs.amb.cat\/alimentaciometropolitana\/wp-json\/wp\/v2\/types\/post"}],"author":[{"embeddable":true,"href":"https:\/\/blogs.amb.cat\/alimentaciometropolitana\/wp-json\/wp\/v2\/users\/38"}],"replies":[{"embeddable":true,"href":"https:\/\/blogs.amb.cat\/alimentaciometropolitana\/wp-json\/wp\/v2\/comments?post=105"}],"version-history":[{"count":1,"href":"https:\/\/blogs.amb.cat\/alimentaciometropolitana\/wp-json\/wp\/v2\/posts\/105\/revisions"}],"predecessor-version":[{"id":107,"href":"https:\/\/blogs.amb.cat\/alimentaciometropolitana\/wp-json\/wp\/v2\/posts\/105\/revisions\/107"}],"wp:featuredmedia":[{"embeddable":true,"href":"https:\/\/blogs.amb.cat\/alimentaciometropolitana\/wp-json\/wp\/v2\/media\/106"}],"wp:attachment":[{"href":"https:\/\/blogs.amb.cat\/alimentaciometropolitana\/wp-json\/wp\/v2\/media?parent=105"}],"wp:term":[{"taxonomy":"category","embeddable":true,"href":"https:\/\/blogs.amb.cat\/alimentaciometropolitana\/wp-json\/wp\/v2\/categories?post=105"},{"taxonomy":"post_tag","embeddable":true,"href":"https:\/\/blogs.amb.cat\/alimentaciometropolitana\/wp-json\/wp\/v2\/tags?post=105"}],"curies":[{"name":"wp","href":"https:\/\/api.w.org\/{rel}","templated":true}]}}