
 







{"id":1057,"date":"2022-05-19T08:38:00","date_gmt":"2022-05-19T06:38:00","guid":{"rendered":"https:\/\/blogs.amb.cat\/alimentaciometropolitana\/?p=1057"},"modified":"2025-03-17T14:31:04","modified_gmt":"2025-03-17T12:31:04","slug":"reptes-i-oportunitats-dinnovacio-en-agricultura-i-alimentacio","status":"publish","type":"post","link":"https:\/\/blogs.amb.cat\/alimentaciometropolitana\/2022\/05\/19\/reptes-i-oportunitats-dinnovacio-en-agricultura-i-alimentacio\/","title":{"rendered":"Reptes i oportunitats d\u2019innovaci\u00f3 en agricultura i alimentaci\u00f3"},"content":{"rendered":"\n<p class=\"has-medium-font-size\">La pand\u00e8mia o la guerra d\u2019Ucra\u00efna han alterat els paradigmes<\/p>\n\n\n\n<p>Algunes de les conseq\u00fc\u00e8ncies de la guerra d\u2019Ucra\u00efna impacten directament en l\u2019alimentaci\u00f3 global, ja que el pa\u00eds \u00e9s un dels principals productors i exportadors de cereals. El confinament i la pand\u00e8mia per covid han tingut un efecte en la producci\u00f3 i distribuci\u00f3 mundial d\u2019aliments. I l\u2019augment de temperatures est\u00e0 modificant el rendiment de la terra. Per tot plegat, \u00e9s f\u00e0cil pensar que cal adoptar alternatives, buscar solucions per afavorir sistemes alimentaris sostenibles.<\/p>\n\n\n\n<p>Amb aquest objectiu, el Departament d\u2019Acci\u00f3 clim\u00e0tica, Alimentaci\u00f3 i Agenda rural (DACC) i l\u2019IRTA han organitzat una <a href=\"https:\/\/ruralcat.gencat.cat\/c\/document_library\/get_file?uuid=4ef1f89e-7e3c-4e86-a9a3-15458bf2eb5b&amp;groupId=20181\" target=\"_blank\" rel=\"noreferrer noopener\">jornada t\u00e8cnica<\/a> per compartir les tend\u00e8ncies innovadores i tecnol\u00f2giques m\u00e9s rellevants aplicades al sistema agroalimentari catal\u00e0.<\/p>\n\n\n\n<p>La sessi\u00f3, gratu\u00efta i oberta a tothom amb inscripci\u00f3, ser\u00e0 dilluns 23 de maig a les 10 h al DACC. Comptar\u00e0 amb la pres\u00e8ncia d\u2019especialistes que exposaran les seves experi\u00e8ncies i acabar\u00e0 amb una taula rodona, al migdia, sobre els efectes de les \u00faltimes crisis sobre el sector a Catalunya.<\/p>\n\n\n\n<p>Podeu inscriure-us-hi <a href=\"https:\/\/ruralcat.gencat.cat\/web\/guest\/transferencia\/preinscripcio-jornada-tecnica?p_auth=c7KlwLZ9&amp;p_p_id=JornadesPATT_WAR_jornadesPATT100SNAPSHOT&amp;p_p_lifecycle=1&amp;p_p_state=normal&amp;p_p_mode=view&amp;p_p_col_id=column-1&amp;p_p_col_pos=1&amp;p_p_col_count=2&amp;_JornadesPATT_WAR_jornadesPATT100SNAPSHOT_idJornada=4043305&amp;_JornadesPATT_WAR_jornadesPATT100SNAPSHOT_cmd=subscribeJornada\" target=\"_blank\" rel=\"noreferrer noopener\">aqu\u00ed<\/a>.<\/p>\n","protected":false},"excerpt":{"rendered":"<p>La pand\u00e8mia o la guerra d\u2019Ucra\u00efna han alterat els paradigmes Algunes de les conseq\u00fc\u00e8ncies de la guerra d\u2019Ucra\u00efna impacten directament en l\u2019alimentaci\u00f3 global, ja que el pa\u00eds \u00e9s un dels principals productors i exportadors de cereals. El confinament i la pand\u00e8mia per covid han tingut un efecte en la producci\u00f3 i distribuci\u00f3 mundial d\u2019aliments. I [&hellip;]<\/p>\n","protected":false},"author":38,"featured_media":1058,"comment_status":"closed","ping_status":"open","sticky":false,"template":"","format":"standard","meta":{"_oasis_is_in_workflow":0,"_oasis_original":0,"ngg_post_thumbnail":0},"categories":[185,1,183],"tags":[34,14,86],"_links":{"self":[{"href":"https:\/\/blogs.amb.cat\/alimentaciometropolitana\/wp-json\/wp\/v2\/posts\/1057"}],"collection":[{"href":"https:\/\/blogs.amb.cat\/alimentaciometropolitana\/wp-json\/wp\/v2\/posts"}],"about":[{"href":"https:\/\/blogs.amb.cat\/alimentaciometropolitana\/wp-json\/wp\/v2\/types\/post"}],"author":[{"embeddable":true,"href":"https:\/\/blogs.amb.cat\/alimentaciometropolitana\/wp-json\/wp\/v2\/users\/38"}],"replies":[{"embeddable":true,"href":"https:\/\/blogs.amb.cat\/alimentaciometropolitana\/wp-json\/wp\/v2\/comments?post=1057"}],"version-history":[{"count":3,"href":"https:\/\/blogs.amb.cat\/alimentaciometropolitana\/wp-json\/wp\/v2\/posts\/1057\/revisions"}],"predecessor-version":[{"id":1068,"href":"https:\/\/blogs.amb.cat\/alimentaciometropolitana\/wp-json\/wp\/v2\/posts\/1057\/revisions\/1068"}],"wp:featuredmedia":[{"embeddable":true,"href":"https:\/\/blogs.amb.cat\/alimentaciometropolitana\/wp-json\/wp\/v2\/media\/1058"}],"wp:attachment":[{"href":"https:\/\/blogs.amb.cat\/alimentaciometropolitana\/wp-json\/wp\/v2\/media?parent=1057"}],"wp:term":[{"taxonomy":"category","embeddable":true,"href":"https:\/\/blogs.amb.cat\/alimentaciometropolitana\/wp-json\/wp\/v2\/categories?post=1057"},{"taxonomy":"post_tag","embeddable":true,"href":"https:\/\/blogs.amb.cat\/alimentaciometropolitana\/wp-json\/wp\/v2\/tags?post=1057"}],"curies":[{"name":"wp","href":"https:\/\/api.w.org\/{rel}","templated":true}]}}