
 







{"id":1076,"date":"2022-05-18T08:34:00","date_gmt":"2022-05-18T06:34:00","guid":{"rendered":"https:\/\/blogs.amb.cat\/alimentaciometropolitana\/?p=1076"},"modified":"2025-03-17T14:32:45","modified_gmt":"2025-03-17T12:32:45","slug":"tornen-les-festes-de-la-cirera","status":"publish","type":"post","link":"https:\/\/blogs.amb.cat\/alimentaciometropolitana\/2022\/05\/18\/tornen-les-festes-de-la-cirera\/","title":{"rendered":"Tornen les festes de la cirera"},"content":{"rendered":"\n<p class=\"has-medium-font-size\">A Sant Climent de Llobregat, Santa Coloma de Cervell\u00f3 i Torrelles de Llobregat<\/p>\n\n\n\n<p>Grana, ferma i dol\u00e7a, aix\u00ed \u00e9s la cirera del Baix Llobregat, que a partir de la segona quinzena del mes de maig cada any \u00e9s motiu de celebraci\u00f3 a Sant Climent de Llobregat, Santa Coloma de Cervell\u00f3 i Torrelles de Llobregat. Despr\u00e9s de la interrupci\u00f3 i les restriccions imposades per la covid-19, enguany els festejos recuperen la normalitat.<\/p>\n\n\n\n<p>Sant Climent inaugura les celebracions amb la <a rel=\"noreferrer noopener\" href=\"https:\/\/www.santclimentdellobregat.cat\/temes\/festa-de-la-cirera-\/fira-de-la-cirera-2022\/\" target=\"_blank\">Festa de la cirera<\/a>, que t\u00e9 en la 46a edici\u00f3 de l\u2019exposici\u00f3 de cireres l\u2019acte principal, al recinte firal. Els dies 21 i 22 de maig es podran contemplar paneres i paneretes confeccionades amb cireres climentones, aix\u00ed com participar en alguna de les m\u00e9s de 40 activitats que s\u2019han organitzat. Hi destaquen les relacionades amb la cultura popular, la m\u00fasica en directe, l\u2019espectacle de \u201cLa llegenda del cirerer\u201d o diverses xerrades i tallers. A m\u00e9s, des de meitats de maig i durant el mes de juny cada cap de setmana es podran comprar cireres al mercat de pag\u00e8s de la vila.<\/p>\n\n\n\n<p>La <a rel=\"noreferrer noopener\" href=\"https:\/\/www.santacolomadecervello.cat\/festa-de-la-cirera\/jordi-bartolome\/#prettyPhoto[pdf]\/0\/\" target=\"_blank\">37a Festa de la cirera i l\u2019agricultura<\/a> de Santa Coloma de Cervell\u00f3 arrencar\u00e0 divendres 27 de maig i s\u2019allargar\u00e0 tot el cap de setmana. Com \u00e9s habitual s\u2019hi podran rec\u00f3rrer els mercats (el de la cirera i el de pag\u00e8s) i exposicions plenes de la fruita del moment. A m\u00e9s, hi haur\u00e0 balls, concerts, vermuts, tastos, correfocs, una demostraci\u00f3 de cuina, tallers i esmorzars de forquilla.<\/p>\n\n\n\n<p>Finalment ser\u00e0 el torn de Torrelles de Llobregat, que els dies 4 i 5 de juny celebrar\u00e0 la <a href=\"http:\/\/festacirera.cat\/programa-dactivitats\/\" target=\"_blank\" rel=\"noreferrer noopener\">42a Festa de la cirera<\/a>. Enguany s\u2019han preparat un munt d\u2019activitats per a tots els p\u00fablics, des de concerts, la gimcana de la cirera, jocs populars o gegants fins a la mostra d\u2019arts i oficis, un passeig pels camps de cirerers o un joc de rol vivencial. En paral\u00b7lel tamb\u00e9 hi haur\u00e0 la ruta gastron\u00f2mica de la cirera, en qu\u00e8 diversos restaurants del municipi serviran plats amb pres\u00e8ncia destacada de la fruita, aix\u00ed com el men\u00fa especial de la Festa de la cirera, amb un itinerari de plats establerts amb cireres.<\/p>\n","protected":false},"excerpt":{"rendered":"<p>A Sant Climent de Llobregat, Santa Coloma de Cervell\u00f3 i Torrelles de Llobregat Grana, ferma i dol\u00e7a, aix\u00ed \u00e9s la cirera del Baix Llobregat, que a partir de la segona quinzena del mes de maig cada any \u00e9s motiu de celebraci\u00f3 a Sant Climent de Llobregat, Santa Coloma de Cervell\u00f3 i Torrelles de Llobregat. Despr\u00e9s [&hellip;]<\/p>\n","protected":false},"author":38,"featured_media":1077,"comment_status":"closed","ping_status":"open","sticky":false,"template":"","format":"standard","meta":{"_oasis_is_in_workflow":0,"_oasis_original":0,"ngg_post_thumbnail":0},"categories":[185,1],"tags":[61,141,179,59],"_links":{"self":[{"href":"https:\/\/blogs.amb.cat\/alimentaciometropolitana\/wp-json\/wp\/v2\/posts\/1076"}],"collection":[{"href":"https:\/\/blogs.amb.cat\/alimentaciometropolitana\/wp-json\/wp\/v2\/posts"}],"about":[{"href":"https:\/\/blogs.amb.cat\/alimentaciometropolitana\/wp-json\/wp\/v2\/types\/post"}],"author":[{"embeddable":true,"href":"https:\/\/blogs.amb.cat\/alimentaciometropolitana\/wp-json\/wp\/v2\/users\/38"}],"replies":[{"embeddable":true,"href":"https:\/\/blogs.amb.cat\/alimentaciometropolitana\/wp-json\/wp\/v2\/comments?post=1076"}],"version-history":[{"count":2,"href":"https:\/\/blogs.amb.cat\/alimentaciometropolitana\/wp-json\/wp\/v2\/posts\/1076\/revisions"}],"predecessor-version":[{"id":1093,"href":"https:\/\/blogs.amb.cat\/alimentaciometropolitana\/wp-json\/wp\/v2\/posts\/1076\/revisions\/1093"}],"wp:featuredmedia":[{"embeddable":true,"href":"https:\/\/blogs.amb.cat\/alimentaciometropolitana\/wp-json\/wp\/v2\/media\/1077"}],"wp:attachment":[{"href":"https:\/\/blogs.amb.cat\/alimentaciometropolitana\/wp-json\/wp\/v2\/media?parent=1076"}],"wp:term":[{"taxonomy":"category","embeddable":true,"href":"https:\/\/blogs.amb.cat\/alimentaciometropolitana\/wp-json\/wp\/v2\/categories?post=1076"},{"taxonomy":"post_tag","embeddable":true,"href":"https:\/\/blogs.amb.cat\/alimentaciometropolitana\/wp-json\/wp\/v2\/tags?post=1076"}],"curies":[{"name":"wp","href":"https:\/\/api.w.org\/{rel}","templated":true}]}}