
 







{"id":1079,"date":"2022-05-23T08:07:00","date_gmt":"2022-05-23T06:07:00","guid":{"rendered":"https:\/\/blogs.amb.cat\/alimentaciometropolitana\/?p=1079"},"modified":"2025-03-17T14:25:39","modified_gmt":"2025-03-17T12:25:39","slug":"la-pagesia-de-collserola-rebra-una-compensacio-economica-pels-beneficis-socioambientals-que-genera","status":"publish","type":"post","link":"https:\/\/blogs.amb.cat\/alimentaciometropolitana\/2022\/05\/23\/la-pagesia-de-collserola-rebra-una-compensacio-economica-pels-beneficis-socioambientals-que-genera\/","title":{"rendered":"La pagesia de Collserola rebr\u00e0 una compensaci\u00f3 econ\u00f2mica pels beneficis socioambientals que genera"},"content":{"rendered":"\n<p class=\"has-medium-font-size\">Aprovat el Contracte agrari de Collserola<\/p>\n\n\n\n<p>Posar en valor i compensar econ\u00f2micament els serveis ecosist\u00e8mics que es deriven de la pr\u00e0ctica de l\u2019agricultura a la serra de Collserola \u00e9s l\u2019objectiu del <a href=\"https:\/\/parcnaturalcollserola.cat\/pla-agropecuari\/alimentem-collserola\/contracte-agrari-de-collserola\/\" target=\"_blank\" rel=\"noreferrer noopener\">Contracte agrari de Collserola (CAC)<\/a>, que s\u2019ha aprovat despr\u00e9s d\u2019un proc\u00e9s participatiu encetat el 2020.<\/p>\n\n\n\n<p>D\u2019aquesta manera, enguany la vintena de pagesos registrats que treballa al parc natural rebr\u00e0 un ajut de 3.000 euros en contrapartida pels beneficis que la seva feina genera, m\u00e9s enll\u00e0 de tenir cura de la terra, i que proporciona benestar social, econ\u00f2mic i mediambiental per al conjunt de la societat. Es consideren serveis ecosist\u00e8mics derivats de l\u2019agricultura de Collserola la conservaci\u00f3 del mosaic agroforestal de la serra, del paisatge, de la biodiversitat, la reducci\u00f3 del risc d\u2019incendis o la conservaci\u00f3 de <a href=\"https:\/\/blogs.amb.cat\/alimentaciometropolitana\/2021\/08\/13\/collserola-posa-a-taula-els-seus-aliments-de-marca-de-garantia\/\">varietats locals d\u2019aliments<\/a>, entre d\u2019altres.<\/p>\n\n\n\n<p>Com s&#8217;explica al web del parc de Collserola, \u201cl\u2019ajut tindr\u00e0 un import m\u00e0xim de 3.000 euros per sol\u00b7licitant, en funci\u00f3 de les actuacions que es realitzin, i es complementar\u00e0 amb un m\u00e0xim de 3.000 euros m\u00e9s per a aquells projectes que instal\u00b7lin tanques cineg\u00e8tiques a les finques\u201d.<\/p>\n\n\n\n<p>La convocat\u00f2ria d\u2019enguany compta amb el finan\u00e7ament de l\u2019Ajuntament de Barcelona. A m\u00e9s, tot el proc\u00e9s d\u2019elaboraci\u00f3 del contracte, lligat al projecte <a rel=\"noreferrer noopener\" href=\"https:\/\/parcnaturalcollserola.cat\/pla-agropecuari\/alimentem-collserola\/\" target=\"_blank\">Alimentem Collserola<\/a>, t\u00e9 el suport dels ajuntaments de Sant Feliu de Llobregat, Molins de Rei, Cerdanyola del Vall\u00e8s, Sant Cugat del Vall\u00e8s, el Papiol, Sant Just Desvern i per l\u2019Entitat Municipal Descentralitzada de Valldoreix, a m\u00e9s de fons del consorci del parc (que inclou l\u2019\u00c0rea Metropolitana de Barcelona).<\/p>\n","protected":false},"excerpt":{"rendered":"<p>Aprovat el Contracte agrari de Collserola Posar en valor i compensar econ\u00f2micament els serveis ecosist\u00e8mics que es deriven de la pr\u00e0ctica de l\u2019agricultura a la serra de Collserola \u00e9s l\u2019objectiu del Contracte agrari de Collserola (CAC), que s\u2019ha aprovat despr\u00e9s d\u2019un proc\u00e9s participatiu encetat el 2020. D\u2019aquesta manera, enguany la vintena de pagesos registrats que [&hellip;]<\/p>\n","protected":false},"author":38,"featured_media":1080,"comment_status":"closed","ping_status":"open","sticky":false,"template":"","format":"standard","meta":{"_oasis_is_in_workflow":0,"_oasis_original":0,"ngg_post_thumbnail":0},"categories":[1,183],"tags":[34,22],"_links":{"self":[{"href":"https:\/\/blogs.amb.cat\/alimentaciometropolitana\/wp-json\/wp\/v2\/posts\/1079"}],"collection":[{"href":"https:\/\/blogs.amb.cat\/alimentaciometropolitana\/wp-json\/wp\/v2\/posts"}],"about":[{"href":"https:\/\/blogs.amb.cat\/alimentaciometropolitana\/wp-json\/wp\/v2\/types\/post"}],"author":[{"embeddable":true,"href":"https:\/\/blogs.amb.cat\/alimentaciometropolitana\/wp-json\/wp\/v2\/users\/38"}],"replies":[{"embeddable":true,"href":"https:\/\/blogs.amb.cat\/alimentaciometropolitana\/wp-json\/wp\/v2\/comments?post=1079"}],"version-history":[{"count":3,"href":"https:\/\/blogs.amb.cat\/alimentaciometropolitana\/wp-json\/wp\/v2\/posts\/1079\/revisions"}],"predecessor-version":[{"id":1091,"href":"https:\/\/blogs.amb.cat\/alimentaciometropolitana\/wp-json\/wp\/v2\/posts\/1079\/revisions\/1091"}],"wp:featuredmedia":[{"embeddable":true,"href":"https:\/\/blogs.amb.cat\/alimentaciometropolitana\/wp-json\/wp\/v2\/media\/1080"}],"wp:attachment":[{"href":"https:\/\/blogs.amb.cat\/alimentaciometropolitana\/wp-json\/wp\/v2\/media?parent=1079"}],"wp:term":[{"taxonomy":"category","embeddable":true,"href":"https:\/\/blogs.amb.cat\/alimentaciometropolitana\/wp-json\/wp\/v2\/categories?post=1079"},{"taxonomy":"post_tag","embeddable":true,"href":"https:\/\/blogs.amb.cat\/alimentaciometropolitana\/wp-json\/wp\/v2\/tags?post=1079"}],"curies":[{"name":"wp","href":"https:\/\/api.w.org\/{rel}","templated":true}]}}