
 







{"id":1084,"date":"2022-05-26T08:42:00","date_gmt":"2022-05-26T06:42:00","guid":{"rendered":"https:\/\/blogs.amb.cat\/alimentaciometropolitana\/?p=1084"},"modified":"2025-03-17T14:29:50","modified_gmt":"2025-03-17T12:29:50","slug":"alerta-perque-catalunya-no-perdi-superficie-agricola-en-benefici-de-lenergia-fotovoltaica","status":"publish","type":"post","link":"https:\/\/blogs.amb.cat\/alimentaciometropolitana\/2022\/05\/26\/alerta-perque-catalunya-no-perdi-superficie-agricola-en-benefici-de-lenergia-fotovoltaica\/","title":{"rendered":"Alerta perqu\u00e8 Catalunya no perdi superf\u00edcie agr\u00edcola en benefici de l\u2019energia fotovoltaica"},"content":{"rendered":"\n<p class=\"has-medium-font-size\">Diversos col\u00b7legis d\u2019enginyers denuncien la \u201cbaixa autosufici\u00e8ncia aliment\u00e0ria\u201d del Principat<\/p>\n\n\n\n<p>\u201cCatalunya no pot perdre m\u00e9s superf\u00edcie agr\u00edcola per a la instal\u00b7laci\u00f3 d\u2019energia fotovoltaica\u201d, avisen en un <a href=\"https:\/\/obealimentaria.files.wordpress.com\/2022\/05\/plaques-fotovoltaiques-i-reg-a-catalunya-final-corregit.pdf\" target=\"_blank\" rel=\"noreferrer noopener\">manifest<\/a> el Col\u00b7legi d\u2019Enginyers Agr\u00f2noms de Catalunya (COEAC), la Instituci\u00f3 Catalana d\u2019Estudis Agraris (ICEA), el Col\u00b7legi d\u2019Economistes de Catalunya (CEC), el Col\u00b7legi d\u2019Enginyers T\u00e8cnics Agr\u00edcoles i Forestals de Catalunya (CETAFC) i la Instituci\u00f3 de Ponent per la Conservaci\u00f3 i l\u2019Estudi de l\u2019Entorn Natural (IPCENA-EdC).<\/p>\n\n\n\n<p>\u201cEl sector agrari i alimentari fa temps que est\u00e0 preocupat per la instal\u00b7laci\u00f3 present i prevista de plaques solars en terrenys agr\u00edcoles productius, fins i tot en terres de regadiu o amb potencialitat per ser-ho. En aquest context, la pel\u00b7l\u00edcula <em>Alcarr\u00e0s<\/em> ha estat un detonant per a la consci\u00e8ncia ciutadana. No estem parlant d\u2019un problema de la pagesia, ans al contrari, estem parlant d\u2019un tema estrat\u00e8gic de pa\u00eds, estem parlant del prove\u00efment cr\u00edtic d\u2019aliments en un pa\u00eds amb baixa autosufici\u00e8ncia aliment\u00e0ria\u201d.<\/p>\n\n\n\n<p>\u201c[\u2026] Catalunya t\u00e9 una depend\u00e8ncia aliment\u00e0ria molt elevada. Les estimacions existents assenyalen un grau de cobertura inferior al 50 %. \u00c9s a dir, es produeix aproximadament menys de la meitat del que es consumeix. La superf\u00edcie agr\u00e0ria i molt especialment el regadiu \u00e9s un b\u00e9 esc\u00e0s i que cal defensar\u201d.<\/p>\n\n\n\n<p>\u201c[\u2026] No s\u2019hauria de perdre ni una hect\u00e0rea de superf\u00edcie agr\u00e0ria, i molt menys de superf\u00edcie regada [\u2026] Els s\u00f2ls agr\u00edcoles, sobretot els de regadiu, no s\u00f3n les terres apropiades per fer horts fotovoltaics, des d\u2019una perspectiva estrat\u00e8gica de pa\u00eds\u201d.<\/p>\n\n\n\n<p>\u201c[\u2026] Existeixen espais suficients per posar plaques solars sense malmetre un recurs que \u00e9s esc\u00e0s i cr\u00edtic, com \u00e9s el s\u00f2l agrari a Catalunya. Per exemple, un estudi recent del Col\u00b7legi d\u2019Enginyers Graduats i Enginyers T\u00e8cnics Industrials de Barcelona afirma que dotar de plaques solars les cobertes dels pol\u00edgons industrials de l\u2019\u00e0rea metropolitana (unes 20.000 ha) podria produir el 50 % del consum que requereix la zona m\u00e9s poblada de Catalunya. De fet, aquesta transformaci\u00f3 ja s\u2019est\u00e0 produint. Les ind\u00fastries en general i en especial les agroaliment\u00e0ries tenen previst, en els seus projectes nous, d\u2019ampliaci\u00f3 o d\u2019adaptaci\u00f3, la col\u00b7locaci\u00f3 de plaques fotovoltaiques sobre coberta\u201d.<\/p>\n\n\n\n<p>\u201c[\u2026] Per a les empreses d\u2019energia fotovoltaica optar pel s\u00f2l agr\u00edcola \u00e9s optar pel que \u00e9s m\u00e9s f\u00e0cil i m\u00e9s barat, sempre que es desconsideri el valor estrat\u00e8gic del s\u00f2l agrari. Per als ajuntaments s\u00f3n nous recursos financers per nodrir les arques municipals\u201d.<\/p>\n\n\n\n<p>\u201c[\u2026] L\u2019energia fotovoltaica sobre s\u00f2l agrari suposa, d\u2019entrada, p\u00e8rdua de producci\u00f3 agr\u00e0ria. Provoca p\u00e8rdua de llocs de feina i despoblament rural, at\u00e8s que el manteniment de les plaques solars requereix molta menys ocupaci\u00f3. Comporta l\u2019encariment del s\u00f2l agrari i, en conseq\u00fc\u00e8ncia, dificulta molt el relleu generacional a l\u2019activitat agr\u00e0ria\u201d.<\/p>\n\n\n\n<p>Llegiu el manifest complet <a href=\"https:\/\/obealimentaria.files.wordpress.com\/2022\/05\/plaques-fotovoltaiques-i-reg-a-catalunya-final-corregit.pdf\" target=\"_blank\" rel=\"noreferrer noopener\">aqu\u00ed<\/a>.<\/p>\n","protected":false},"excerpt":{"rendered":"<p>Diversos col\u00b7legis d\u2019enginyers denuncien la \u201cbaixa autosufici\u00e8ncia aliment\u00e0ria\u201d del Principat \u201cCatalunya no pot perdre m\u00e9s superf\u00edcie agr\u00edcola per a la instal\u00b7laci\u00f3 d\u2019energia fotovoltaica\u201d, avisen en un manifest el Col\u00b7legi d\u2019Enginyers Agr\u00f2noms de Catalunya (COEAC), la Instituci\u00f3 Catalana d\u2019Estudis Agraris (ICEA), el Col\u00b7legi d\u2019Economistes de Catalunya (CEC), el Col\u00b7legi d\u2019Enginyers T\u00e8cnics Agr\u00edcoles i Forestals de Catalunya [&hellip;]<\/p>\n","protected":false},"author":38,"featured_media":1085,"comment_status":"closed","ping_status":"open","sticky":false,"template":"","format":"standard","meta":{"_oasis_is_in_workflow":0,"_oasis_original":0,"ngg_post_thumbnail":0},"categories":[1,183],"tags":[34,113],"_links":{"self":[{"href":"https:\/\/blogs.amb.cat\/alimentaciometropolitana\/wp-json\/wp\/v2\/posts\/1084"}],"collection":[{"href":"https:\/\/blogs.amb.cat\/alimentaciometropolitana\/wp-json\/wp\/v2\/posts"}],"about":[{"href":"https:\/\/blogs.amb.cat\/alimentaciometropolitana\/wp-json\/wp\/v2\/types\/post"}],"author":[{"embeddable":true,"href":"https:\/\/blogs.amb.cat\/alimentaciometropolitana\/wp-json\/wp\/v2\/users\/38"}],"replies":[{"embeddable":true,"href":"https:\/\/blogs.amb.cat\/alimentaciometropolitana\/wp-json\/wp\/v2\/comments?post=1084"}],"version-history":[{"count":2,"href":"https:\/\/blogs.amb.cat\/alimentaciometropolitana\/wp-json\/wp\/v2\/posts\/1084\/revisions"}],"predecessor-version":[{"id":1095,"href":"https:\/\/blogs.amb.cat\/alimentaciometropolitana\/wp-json\/wp\/v2\/posts\/1084\/revisions\/1095"}],"wp:featuredmedia":[{"embeddable":true,"href":"https:\/\/blogs.amb.cat\/alimentaciometropolitana\/wp-json\/wp\/v2\/media\/1085"}],"wp:attachment":[{"href":"https:\/\/blogs.amb.cat\/alimentaciometropolitana\/wp-json\/wp\/v2\/media?parent=1084"}],"wp:term":[{"taxonomy":"category","embeddable":true,"href":"https:\/\/blogs.amb.cat\/alimentaciometropolitana\/wp-json\/wp\/v2\/categories?post=1084"},{"taxonomy":"post_tag","embeddable":true,"href":"https:\/\/blogs.amb.cat\/alimentaciometropolitana\/wp-json\/wp\/v2\/tags?post=1084"}],"curies":[{"name":"wp","href":"https:\/\/api.w.org\/{rel}","templated":true}]}}