
 







{"id":1099,"date":"2022-06-02T08:00:00","date_gmt":"2022-06-02T06:00:00","guid":{"rendered":"https:\/\/blogs.amb.cat\/alimentaciometropolitana\/?p=1099"},"modified":"2022-06-01T10:06:38","modified_gmt":"2022-06-01T08:06:38","slug":"jornada-tecnica-per-millorar-el-funcionament-de-la-cadena-alimentaria","status":"publish","type":"post","link":"https:\/\/blogs.amb.cat\/alimentaciometropolitana\/2022\/06\/02\/jornada-tecnica-per-millorar-el-funcionament-de-la-cadena-alimentaria\/","title":{"rendered":"Jornada t\u00e8cnica per millorar el funcionament de la cadena aliment\u00e0ria"},"content":{"rendered":"\n<p class=\"has-medium-font-size\">Dimecres 8 de juny<\/p>\n\n\n\n<p>Revisar la <a rel=\"noreferrer noopener\" href=\"https:\/\/ruralcat.gencat.cat\/contingut-web-editor\/-\/asset_publisher\/ivzEIW4jWshK\/content\/saprova-el-projecte-de-llei-per-a-la-millora-del-funcionament-de-la-cadena-alimentaria?inheritRedirect=false\" target=\"_blank\">Llei per a la millora del funcionament de la cadena aliment\u00e0ria (LCA)<\/a>: aquest \u00e9s l\u2019objectiu de la <a rel=\"noreferrer noopener\" href=\"https:\/\/ruralcat.gencat.cat\/c\/document_library\/get_file?uuid=8e998e5a-f51f-4ce8-a2e6-78cdd167e7a2&amp;groupId=20181\" target=\"_blank\">jornada t\u00e8cnica<\/a> que tindr\u00e0 lloc el dimecres 8 de juny a l\u2019aula magna de la facultat d\u2019Economia i Empresa de la Universitat de Barcelona.<\/p>\n\n\n\n<p>El reglament, aprovat el juliol de l\u2019any passat, pretenia \u201caugmentar l&#8217;efic\u00e0cia i la competitivitat del sector agroalimentari i alhora aconseguir un equilibri m\u00e9s gran en les relacions comercials entre els diferents operadors de la cadena de valor\u201d, com va explicar Rural.cat. Per\u00f2 les inclem\u00e8ncies meteorol\u00f2giques dels \u00faltims mesos, les conseq\u00fc\u00e8ncies de la covid-19 i la guerra d\u2019Ucra\u00efna han modificat l\u2019escenari, motiu pel qual des del Departament d\u2019Acci\u00f3 Clim\u00e0tica, Alimentaci\u00f3 i Agenda Rural (DACC) s\u2019ha considerat necessari revisar la llei amb l\u2019organitzaci\u00f3 d\u2019aquesta jornada.<\/p>\n\n\n\n<p>L\u2019acte comen\u00e7ar\u00e0 a les 10 h i tamb\u00e9 es podr\u00e0 seguir en <em>streaming<\/em> per <a href=\"https:\/\/www.youtube.com\/watch?v=Wg5MXNNKGjE\" target=\"_blank\" rel=\"noreferrer noopener\">aqu\u00ed.<\/a> Es parlar\u00e0 sobre el control de la cadena aliment\u00e0ria al Principat, es donaran a con\u00e8ixer els resultats dels controls dels contractes alimentaris i hi haur\u00e0 una taula rodona sobre l\u2019aplicaci\u00f3 de la llei.<\/p>\n\n\n\n<p>La participaci\u00f3 \u00e9s gratu\u00efta i oberta a tothom, amb inscripci\u00f3 pr\u00e8via <a href=\"https:\/\/ruralcat.gencat.cat\/web\/guest\/transferencia\/preinscripcio-jornada-tecnica?p_auth=sVrjfp46&amp;p_p_id=JornadesPATT_WAR_jornadesPATT100SNAPSHOT&amp;p_p_lifecycle=1&amp;p_p_state=normal&amp;p_p_mode=view&amp;p_p_col_id=column-1&amp;p_p_col_pos=1&amp;p_p_col_count=2&amp;_JornadesPATT_WAR_jornadesPATT100SNAPSHOT_idJornada=4043347&amp;_JornadesPATT_WAR_jornadesPATT100SNAPSHOT_cmd=subscribeJornada\" target=\"_blank\" rel=\"noreferrer noopener\">aqu\u00ed<\/a>.<\/p>\n","protected":false},"excerpt":{"rendered":"<p>Dimecres 8 de juny Revisar la Llei per a la millora del funcionament de la cadena aliment\u00e0ria (LCA): aquest \u00e9s l\u2019objectiu de la jornada t\u00e8cnica que tindr\u00e0 lloc el dimecres 8 de juny a l\u2019aula magna de la facultat d\u2019Economia i Empresa de la Universitat de Barcelona. El reglament, aprovat el juliol de l\u2019any passat, [&hellip;]<\/p>\n","protected":false},"author":38,"featured_media":1100,"comment_status":"closed","ping_status":"open","sticky":false,"template":"","format":"standard","meta":{"_oasis_is_in_workflow":0,"_oasis_original":0,"ngg_post_thumbnail":0},"categories":[1],"tags":[54,86],"_links":{"self":[{"href":"https:\/\/blogs.amb.cat\/alimentaciometropolitana\/wp-json\/wp\/v2\/posts\/1099"}],"collection":[{"href":"https:\/\/blogs.amb.cat\/alimentaciometropolitana\/wp-json\/wp\/v2\/posts"}],"about":[{"href":"https:\/\/blogs.amb.cat\/alimentaciometropolitana\/wp-json\/wp\/v2\/types\/post"}],"author":[{"embeddable":true,"href":"https:\/\/blogs.amb.cat\/alimentaciometropolitana\/wp-json\/wp\/v2\/users\/38"}],"replies":[{"embeddable":true,"href":"https:\/\/blogs.amb.cat\/alimentaciometropolitana\/wp-json\/wp\/v2\/comments?post=1099"}],"version-history":[{"count":3,"href":"https:\/\/blogs.amb.cat\/alimentaciometropolitana\/wp-json\/wp\/v2\/posts\/1099\/revisions"}],"predecessor-version":[{"id":1103,"href":"https:\/\/blogs.amb.cat\/alimentaciometropolitana\/wp-json\/wp\/v2\/posts\/1099\/revisions\/1103"}],"wp:featuredmedia":[{"embeddable":true,"href":"https:\/\/blogs.amb.cat\/alimentaciometropolitana\/wp-json\/wp\/v2\/media\/1100"}],"wp:attachment":[{"href":"https:\/\/blogs.amb.cat\/alimentaciometropolitana\/wp-json\/wp\/v2\/media?parent=1099"}],"wp:term":[{"taxonomy":"category","embeddable":true,"href":"https:\/\/blogs.amb.cat\/alimentaciometropolitana\/wp-json\/wp\/v2\/categories?post=1099"},{"taxonomy":"post_tag","embeddable":true,"href":"https:\/\/blogs.amb.cat\/alimentaciometropolitana\/wp-json\/wp\/v2\/tags?post=1099"}],"curies":[{"name":"wp","href":"https:\/\/api.w.org\/{rel}","templated":true}]}}