
 







{"id":112,"date":"2021-05-19T18:56:00","date_gmt":"2021-05-19T16:56:00","guid":{"rendered":"https:\/\/blogs.amb.cat\/alimentaciometropolitana\/?p=112"},"modified":"2021-06-02T19:16:14","modified_gmt":"2021-06-02T17:16:14","slug":"lamb-promou-el-reciclatge-a-lhostaleria-i-loci-amb-una-campanya-especial","status":"publish","type":"post","link":"https:\/\/blogs.amb.cat\/alimentaciometropolitana\/2021\/05\/19\/lamb-promou-el-reciclatge-a-lhostaleria-i-loci-amb-una-campanya-especial\/","title":{"rendered":"L\u2019AMB promou el reciclatge a l\u2019hostaleria i l\u2019oci amb una campanya especial"},"content":{"rendered":"\n<p>Els establiments es catalogaran com a separadors o no separadors<\/p>\n\n\n\n<p>Millorar la recollida selectiva d\u2019aquest sector entre els 36 municipis metropolitans i con\u00e8ixer-ne els h\u00e0bits de separaci\u00f3 s\u00f3n els objectius principals d\u2019aquesta acci\u00f3 especial, dissenyada per l\u2019\u00c0rea Metropolitana de Barcelona (AMB).<\/p>\n\n\n\n<p>Bars, restaurants, hotels, c\u00e0mpings, discoteques i empreses de c\u00e0tering, el que es coneix com a canal Horeca, generen el 50% dels residus comercials de l\u2019\u00e0rea metropolitana. L\u2019Hospitalet de Llobregat t\u00e9 l\u2019\u00edndex de reciclatge m\u00e9s baix, un 24,4% de mitjana (la mitjana metropolitana \u00e9s del 37,5%), motiu pel qual la campanya posar\u00e0 un \u00e8mfasi especial en aquest municipi.<br><br>Per mandat de la Uni\u00f3 Europea, tots els estats membre han d\u2019arribar al 55% de recollida de residus l\u2019any 2025.<\/p>\n\n\n\n<p><strong>Aix\u00ed ser\u00e0 l\u2019acci\u00f3 especial<\/strong><br>Un equip de 16 informadors donar\u00e0 a con\u00e8ixer als propietaris dels establiments l&#8217;obligaci\u00f3 de dur a terme la recollida selectiva i els ajudar\u00e0 a aconseguir-ho. Aquest treball de camp tamb\u00e9 permetr\u00e0 identificar els que encara no separen els residus i fer una diagnosi, mitjan\u00e7ant un q\u00fcestionari espec\u00edfic, sobre l&#8217;estat de la recollida selectiva de residus.<\/p>\n\n\n\n<p>A m\u00e9s, d\u2019aquesta manera tamb\u00e9 es podr\u00e0 avaluar l&#8217;estat de salut del sector Horeca, un dels m\u00e9s afectats per la crisi sanit\u00e0ria i econ\u00f2mica provocada per la Covid-19.<\/p>\n\n\n\n<p>Les dades que els informadors obtinguin de les entrevistes es recolliran en una aplicaci\u00f3 web espec\u00edfica per a la campanya, de manera que la informaci\u00f3 permetr\u00e0 disposar d\u2019uns indicadors reals sobre la situaci\u00f3 de la recollida selectiva entre el sector.<\/p>\n\n\n\n<p>Un cop fet el primer diagn\u00f2stic, els informadors entregaran als establiments material informatiu dissenyat especialment per a la campanya: cartells, opuscles i adhesius identificadors per als bujols de cada fracci\u00f3 de residus.<\/p>\n\n\n\n<p>A partir de les entrevistes, cada establiment es catalogar\u00e0 com a separador o no separador. Per ajudar els negocis a adaptar les din\u00e0miques i canviar els seus h\u00e0bits de reciclatge, es preveuen fins a tres visites a cada establiment, en qu\u00e8 s&#8217;actualitzar\u00e0 la informaci\u00f3 sobre els \u00edndexs de recollida i el grau de separaci\u00f3. D&#8217;aquesta manera, l&#8217;AMB podr\u00e0 detectar els punts de millora i podr\u00e0 aconsellar per continuar avan\u00e7ant en el canvi de model.<\/p>\n\n\n\n<p>La campanya t\u00e9 un cost de 750.000 euros, finan\u00e7ats \u00edntegrament Ecoembes i Ecovidrio. S\u2019emmarca dins el context del <a href=\"https:\/\/www.amb.cat\/web\/amb\/actualitat\/sala-de-premsa\/notes-de-premsa\/detall\/-\/notapremsa\/l-amb-aprova-definitivament-el-premet25--el-gran-pla-en-materia-de-residus\/9558181\/11696\" target=\"_blank\" rel=\"noreferrer noopener\">PREMET25<\/a>, el gran &#8220;pla de plans&#8221; de l&#8217;AMB per organitzar el futur de la recollida i gesti\u00f3 dels residus al territori metropolit\u00e0.<\/p>\n","protected":false},"excerpt":{"rendered":"<p>Els establiments es catalogaran com a separadors o no separadors Millorar la recollida selectiva d\u2019aquest sector entre els 36 municipis metropolitans i con\u00e8ixer-ne els h\u00e0bits de separaci\u00f3 s\u00f3n els objectius principals d\u2019aquesta acci\u00f3 especial, dissenyada per l\u2019\u00c0rea Metropolitana de Barcelona (AMB). Bars, restaurants, hotels, c\u00e0mpings, discoteques i empreses de c\u00e0tering, el que es coneix com [&hellip;]<\/p>\n","protected":false},"author":38,"featured_media":113,"comment_status":"closed","ping_status":"open","sticky":false,"template":"","format":"standard","meta":{"_oasis_is_in_workflow":0,"_oasis_original":0,"ngg_post_thumbnail":0},"categories":[1],"tags":[35,51,52],"_links":{"self":[{"href":"https:\/\/blogs.amb.cat\/alimentaciometropolitana\/wp-json\/wp\/v2\/posts\/112"}],"collection":[{"href":"https:\/\/blogs.amb.cat\/alimentaciometropolitana\/wp-json\/wp\/v2\/posts"}],"about":[{"href":"https:\/\/blogs.amb.cat\/alimentaciometropolitana\/wp-json\/wp\/v2\/types\/post"}],"author":[{"embeddable":true,"href":"https:\/\/blogs.amb.cat\/alimentaciometropolitana\/wp-json\/wp\/v2\/users\/38"}],"replies":[{"embeddable":true,"href":"https:\/\/blogs.amb.cat\/alimentaciometropolitana\/wp-json\/wp\/v2\/comments?post=112"}],"version-history":[{"count":1,"href":"https:\/\/blogs.amb.cat\/alimentaciometropolitana\/wp-json\/wp\/v2\/posts\/112\/revisions"}],"predecessor-version":[{"id":114,"href":"https:\/\/blogs.amb.cat\/alimentaciometropolitana\/wp-json\/wp\/v2\/posts\/112\/revisions\/114"}],"wp:featuredmedia":[{"embeddable":true,"href":"https:\/\/blogs.amb.cat\/alimentaciometropolitana\/wp-json\/wp\/v2\/media\/113"}],"wp:attachment":[{"href":"https:\/\/blogs.amb.cat\/alimentaciometropolitana\/wp-json\/wp\/v2\/media?parent=112"}],"wp:term":[{"taxonomy":"category","embeddable":true,"href":"https:\/\/blogs.amb.cat\/alimentaciometropolitana\/wp-json\/wp\/v2\/categories?post=112"},{"taxonomy":"post_tag","embeddable":true,"href":"https:\/\/blogs.amb.cat\/alimentaciometropolitana\/wp-json\/wp\/v2\/tags?post=112"}],"curies":[{"name":"wp","href":"https:\/\/api.w.org\/{rel}","templated":true}]}}