
 







{"id":1134,"date":"2023-02-27T12:28:00","date_gmt":"2023-02-27T10:28:00","guid":{"rendered":"https:\/\/blogs.amb.cat\/alimentaciometropolitana\/?p=1134"},"modified":"2025-03-18T10:53:19","modified_gmt":"2025-03-18T08:53:19","slug":"obradors-compartits-i-petits-escorxadors-com-a-eines-de-dinamitzacio-agroalimentaria","status":"publish","type":"post","link":"https:\/\/blogs.amb.cat\/alimentaciometropolitana\/2023\/02\/27\/obradors-compartits-i-petits-escorxadors-com-a-eines-de-dinamitzacio-agroalimentaria\/","title":{"rendered":"Documentaci\u00f3 de la jornada &#8220;Obradors compartits i petits escorxadors com a eines de dinamitzaci\u00f3 agroaliment\u00e0ria&#8221;"},"content":{"rendered":"\n<p>El passat 15 de mar\u00e7 es va celebrar una jornada sobre\u00a0obradors compartits i petits escorxadors (<a href=\"https:\/\/docs.amb.cat\/alfresco\/api\/-default-\/public\/alfresco\/versions\/1\/nodes\/c3719dfc-e8c4-4047-9665-5335f30473aa\/content\/20230315_prohgrama_obradors.pdf?attachment=false&amp;mimeType=application\/pdf&amp;sizeInBytes=632039\" data-type=\"URL\" data-id=\"https:\/\/docs.amb.cat\/alfresco\/api\/-default-\/public\/alfresco\/versions\/1\/nodes\/c3719dfc-e8c4-4047-9665-5335f30473aa\/content\/20230315_prohgrama_obradors.pdf?attachment=false&amp;mimeType=application\/pdf&amp;sizeInBytes=632039\" target=\"_blank\" rel=\"noreferrer noopener\">programa<\/a>)\u00a0que, amb una elevada i diversa participaci\u00f3, ens va permetre aprofundir en el coneixement i l&#8217;impuls d&#8217;aquestes eines de dinamitzaci\u00f3 agroaliment\u00e0ria amb l&#8217;objectiu de contribuir a construir un sistema alimentari sostenible i una nova cultura del territori que busqui sinergies i complementarietats entre els entorns rurals i urbans.<\/p>\n\n\n\n<figure class=\"wp-block-embed is-type-video is-provider-youtube wp-block-embed-youtube wp-embed-aspect-16-9 wp-has-aspect-ratio\"><div class=\"wp-block-embed__wrapper\">\n<iframe title=\"Obradors compartits i petits escorxadors com a eines de dinamitzaci\u00f3 agroaliment\u00e0ria\" width=\"1170\" height=\"658\" src=\"https:\/\/www.youtube.com\/embed\/CZuFD4Ni4b8?feature=oembed\" frameborder=\"0\" allow=\"accelerometer; autoplay; clipboard-write; encrypted-media; gyroscope; picture-in-picture; web-share\" allowfullscreen><\/iframe>\n<\/div><\/figure>\n\n\n\n<p>L&#8217;activitat es trobava dins de les diverses accions de&nbsp;<strong>col\u00b7laboraci\u00f3 que est\u00e0 realitzant l&#8217;AMB amb l&#8217;<a href=\"https:\/\/www.micropobles.cat\/\" data-type=\"URL\" data-id=\"https:\/\/www.micropobles.cat\/\" target=\"_blank\" rel=\"noreferrer noopener\">Associaci\u00f3 de Micropobles de Catalunya<\/a> i les quatre diputacions provincials<\/strong>, per contribuir a un sistema alimentari sostenible i a una nova cultura del territori que busqui sinergies i complementarietats entre els entorns rurals i urbans.<\/p>\n\n\n\n<p><strong>Presentacions<\/strong><\/p>\n\n\n\n<ul><li>Demarcaci\u00f3 de Barcelona. <a rel=\"noreferrer noopener\" href=\"https:\/\/docs.amb.cat\/alfresco\/api\/-default-\/public\/alfresco\/versions\/1\/nodes\/ff48edf2-1835-4909-97d8-f729f5c1932e\/content\/Demarcaci\u00f3 de Barcelona.pdf?attachment=false&amp;mimeType=application\/pdf&amp;sizeInBytes=2977134\" data-type=\"URL\" data-id=\"https:\/\/docs.amb.cat\/alfresco\/api\/-default-\/public\/alfresco\/versions\/1\/nodes\/ff48edf2-1835-4909-97d8-f729f5c1932e\/content\/Demarcaci\u00f3 de Barcelona.pdf?attachment=false&amp;mimeType=application\/pdf&amp;sizeInBytes=2977134\" target=\"_blank\">Xarxa d\u2019Obradors Compartits &#8211; Pere Navarro&nbsp;(Diputaci\u00f3 de Barcelona)<\/a><\/li><li>Demarcacions de Lleida i Girona &#8211; <a rel=\"noreferrer noopener\" href=\"https:\/\/docs.amb.cat\/alfresco\/api\/-default-\/public\/alfresco\/versions\/1\/nodes\/e2ab4ca5-5bc4-4be2-a1c0-e1a1b0ea18ec\/content\/Demarcacions de Lleida i Girona.pdf?attachment=false&amp;mimeType=application\/pdf&amp;sizeInBytes=756447\" data-type=\"URL\" data-id=\"https:\/\/docs.amb.cat\/alfresco\/api\/-default-\/public\/alfresco\/versions\/1\/nodes\/e2ab4ca5-5bc4-4be2-a1c0-e1a1b0ea18ec\/content\/Demarcacions de Lleida i Girona.pdf?attachment=false&amp;mimeType=application\/pdf&amp;sizeInBytes=756447\" target=\"_blank\">Eloi Guinjoan&nbsp;(Associaci\u00f3 d\u2019Iniciatives Rurals de Catalunya &#8211; ARCA)<\/a><\/li><li><a rel=\"noreferrer noopener\" href=\"https:\/\/docs.amb.cat\/alfresco\/api\/-default-\/public\/alfresco\/versions\/1\/nodes\/efb7f834-19bd-4aae-a48e-cfcd7f8be20f\/content\/Demarcaci\u00f3 de Tarragona.pdf?attachment=false&amp;mimeType=application\/pdf&amp;sizeInBytes=802564\" data-type=\"URL\" data-id=\"https:\/\/docs.amb.cat\/alfresco\/api\/-default-\/public\/alfresco\/versions\/1\/nodes\/efb7f834-19bd-4aae-a48e-cfcd7f8be20f\/content\/Demarcaci\u00f3 de Tarragona.pdf?attachment=false&amp;mimeType=application\/pdf&amp;sizeInBytes=802564\" target=\"_blank\">Demarcaci\u00f3 de Tarragona<\/a> &amp; experi\u00e8ncies <a rel=\"noreferrer noopener\" href=\"https:\/\/docs.amb.cat\/alfresco\/api\/-default-\/public\/alfresco\/versions\/1\/nodes\/d1d23131-f042-4c83-95e7-6fa63fd33ffe\/content\/Concactiva.zip?attachment=false&amp;mimeType=application\/zip&amp;sizeInBytes=4523873\" data-type=\"URL\" data-id=\"https:\/\/docs.amb.cat\/alfresco\/api\/-default-\/public\/alfresco\/versions\/1\/nodes\/d1d23131-f042-4c83-95e7-6fa63fd33ffe\/content\/Concactiva.zip?attachment=false&amp;mimeType=application\/zip&amp;sizeInBytes=4523873\" target=\"_blank\">Concactiva &#8211; Jordi Gin\u00e9&nbsp;(Centre d&#8217;Iniciatives de la Conca de Barber\u00e0)<\/a>.<\/li><li><a rel=\"noreferrer noopener\" href=\"https:\/\/docs.amb.cat\/alfresco\/api\/-default-\/public\/alfresco\/versions\/1\/nodes\/1a0b72ff-3c53-480e-a41f-f5a821f91ec1\/content\/El-Quall_Formatgeria-col\u00b7lectiva-Llu\u00e7an\u00e8s.pdf?attachment=false&amp;mimeType=application\/pdf&amp;sizeInBytes=7159344\" data-type=\"URL\" data-id=\"https:\/\/docs.amb.cat\/alfresco\/api\/-default-\/public\/alfresco\/versions\/1\/nodes\/1a0b72ff-3c53-480e-a41f-f5a821f91ec1\/content\/El-Quall_Formatgeria-col\u00b7lectiva-Llu\u00e7an\u00e8s.pdf?attachment=false&amp;mimeType=application\/pdf&amp;sizeInBytes=7159344\" target=\"_blank\">El Quall &#8211; Formatgeria col\u00b7lectiva &#8211; Xavier Barniol&nbsp;(Consorci del Llu\u00e7an\u00e8s)<\/a><\/li><li><a href=\"https:\/\/docs.amb.cat\/alfresco\/api\/-default-\/public\/alfresco\/versions\/1\/nodes\/2c62f8e4-ac70-4acb-80ad-4fdaf7f59a86\/content\/Escorxador-Armentera.zip?attachment=false&amp;mimeType=application\/zip&amp;sizeInBytes=2989061\" data-type=\"URL\" data-id=\"https:\/\/docs.amb.cat\/alfresco\/api\/-default-\/public\/alfresco\/versions\/1\/nodes\/2c62f8e4-ac70-4acb-80ad-4fdaf7f59a86\/content\/Escorxador-Armentera.zip?attachment=false&amp;mimeType=application\/zip&amp;sizeInBytes=2989061\" target=\"_blank\" rel=\"noreferrer noopener\">Escorxador de l\u2019Armentera &#8211; Arnau Planas&nbsp;(Agrupaci\u00f3 de Productors de l&#8217;Escorxador de l&#8217;Armentera)<\/a><\/li><\/ul>\n\n\n\n<p><strong>Altres materials d&#8217;inter\u00e8s<\/strong>:<\/p>\n\n\n\n<ul><li>Apartat de recursos de la web sobre <a href=\"https:\/\/obradorscompartits.cat\/pagina\/recursos\/\" data-type=\"URL\" data-id=\"https:\/\/obradorscompartits.cat\/pagina\/recursos\/\" target=\"_blank\" rel=\"noreferrer noopener\">obradors compartits de la Cooperativa Tres Cadires<\/a><\/li><li>Apartat de recursos de la web de la <a rel=\"noreferrer noopener\" href=\"https:\/\/www.xemac.org\/recursos\/\" data-type=\"URL\" data-id=\"https:\/\/www.xemac.org\/recursos\/\" target=\"_blank\">Xarxa d\u2019espais d\u2019emprenedoria agroaliment\u00e0ria de Catalunya (XEMAC)<\/a><\/li><li>Tastet de dades <a rel=\"noreferrer noopener\" href=\"https:\/\/www.diba.cat\/es\/web\/bcn-smart-rural\/-\/territori-artes%C3%A0\" data-type=\"URL\" data-id=\"https:\/\/www.diba.cat\/es\/web\/bcn-smart-rural\/-\/territori-artes%C3%A0\" target=\"_blank\">BCN Smart Rural<\/a> sobre obradors i escorxadors compartits de la demarcaci\u00f3 de Barcelona<a rel=\"noreferrer noopener\" href=\"https:\/\/www.diba.cat\/es\/web\/bcn-smart-rural\/-\/territori-artes%C3%A0\" target=\"_blank\">.<\/a><\/li><\/ul>\n\n\n\n<p><\/p>\n","protected":false},"excerpt":{"rendered":"<p>El passat 15 de mar\u00e7 es va celebrar una jornada sobre\u00a0obradors compartits i petits escorxadors (programa)\u00a0que, amb una elevada i diversa participaci\u00f3, ens va permetre aprofundir en el coneixement i l&#8217;impuls d&#8217;aquestes eines de dinamitzaci\u00f3 agroaliment\u00e0ria amb l&#8217;objectiu de contribuir a construir un sistema alimentari sostenible i una nova cultura del territori que busqui sinergies [&hellip;]<\/p>\n","protected":false},"author":7,"featured_media":1147,"comment_status":"closed","ping_status":"open","sticky":false,"template":"","format":"standard","meta":{"_oasis_is_in_workflow":0,"_oasis_original":0,"ngg_post_thumbnail":0},"categories":[185,1,183],"tags":[],"_links":{"self":[{"href":"https:\/\/blogs.amb.cat\/alimentaciometropolitana\/wp-json\/wp\/v2\/posts\/1134"}],"collection":[{"href":"https:\/\/blogs.amb.cat\/alimentaciometropolitana\/wp-json\/wp\/v2\/posts"}],"about":[{"href":"https:\/\/blogs.amb.cat\/alimentaciometropolitana\/wp-json\/wp\/v2\/types\/post"}],"author":[{"embeddable":true,"href":"https:\/\/blogs.amb.cat\/alimentaciometropolitana\/wp-json\/wp\/v2\/users\/7"}],"replies":[{"embeddable":true,"href":"https:\/\/blogs.amb.cat\/alimentaciometropolitana\/wp-json\/wp\/v2\/comments?post=1134"}],"version-history":[{"count":6,"href":"https:\/\/blogs.amb.cat\/alimentaciometropolitana\/wp-json\/wp\/v2\/posts\/1134\/revisions"}],"predecessor-version":[{"id":1155,"href":"https:\/\/blogs.amb.cat\/alimentaciometropolitana\/wp-json\/wp\/v2\/posts\/1134\/revisions\/1155"}],"wp:featuredmedia":[{"embeddable":true,"href":"https:\/\/blogs.amb.cat\/alimentaciometropolitana\/wp-json\/wp\/v2\/media\/1147"}],"wp:attachment":[{"href":"https:\/\/blogs.amb.cat\/alimentaciometropolitana\/wp-json\/wp\/v2\/media?parent=1134"}],"wp:term":[{"taxonomy":"category","embeddable":true,"href":"https:\/\/blogs.amb.cat\/alimentaciometropolitana\/wp-json\/wp\/v2\/categories?post=1134"},{"taxonomy":"post_tag","embeddable":true,"href":"https:\/\/blogs.amb.cat\/alimentaciometropolitana\/wp-json\/wp\/v2\/tags?post=1134"}],"curies":[{"name":"wp","href":"https:\/\/api.w.org\/{rel}","templated":true}]}}