
 







{"id":115,"date":"2021-06-02T19:21:30","date_gmt":"2021-06-02T17:21:30","guid":{"rendered":"https:\/\/blogs.amb.cat\/alimentaciometropolitana\/?p=115"},"modified":"2021-08-04T09:41:57","modified_gmt":"2021-08-04T07:41:57","slug":"lexposicio-artistes-amb-tractor-arriba-a-sant-miquel-de-campmajor-i-rotara-per-una-trentena-de-micropobles","status":"publish","type":"post","link":"https:\/\/blogs.amb.cat\/alimentaciometropolitana\/2021\/06\/02\/lexposicio-artistes-amb-tractor-arriba-a-sant-miquel-de-campmajor-i-rotara-per-una-trentena-de-micropobles\/","title":{"rendered":"L\u2019exposici\u00f3 \u2018Artistes amb tractor\u2019 arriba a Sant Miquel de Campmajor i rotar\u00e0 per una trentena de micropobles"},"content":{"rendered":"\n<p class=\"has-medium-font-size\">La fot\u00f2grafa Sara Bold\u00fa converteix la pagesia en obra d\u2019art<\/p>\n\n\n\n<p>L\u2019\u00c0rea Metropolitana de Barcelona (AMB), amb l&#8217;Associaci\u00f3 Catalana de Micropobles i les quatre diputacions catalanes, presenta l\u2019exposici\u00f3 <a rel=\"noreferrer noopener\" href=\"https:\/\/saraboldu.wixsite.com\/artistesambtractor\" target=\"_blank\">\u2018Artistes amb tractor\u2019<\/a>, que dissabte dissabte 5 de juny aterra a Sant Miquel de Campmajor (Pla de l\u2019Estany). \u00c9s una mostra fotogr\u00e0fica en qu\u00e8 l\u2019autora, Sara Bold\u00fa, posa en valor la feina del camp i l\u2019eleva a categoria d\u2019obra d\u2019art.<\/p>\n\n\n\n<p>Com explica la fot\u00f2grafa, \u201cla meua intenci\u00f3 era fer una exposici\u00f3 de fotos i v\u00eddeos exaltant el m\u00f3n rural, on el p\u00fablic es qued\u00e9s meravellat amb les imatges i mir\u00e9s l&#8217;agricultura des de la perspectiva de l&#8217;art\u201d. Amb aquestes paraules Bold\u00fa explica el perqu\u00e8 del projecte, que despr\u00e9s de Sant Miquel de Campmajor rotar\u00e0 per una trentena de micropobles, fins al juny de l\u2019any que ve.<\/p>\n\n\n\n<p>L\u2019exhibici\u00f3 encaixa amb els valors de la Capitalitat de l\u2019Alimentaci\u00f3 Sostenible, que enguany recau en Barcelona: reivindicar el paper central de la pagesia en l\u2019alimentaci\u00f3 contempor\u00e0nia. Un \u00e0mbit que, en bona mesura, a Catalunya prov\u00e9 dels micropobles.<br><br>Aquesta exposici\u00f3 es vol aprofitar com una oportunitat per col\u00b7laborar amb municipis, governs locals i entitats de tota Catalunya i, aix\u00ed, estendre m\u00e9s enll\u00e0 de Barcelona les activitats relacionades amb l\u2019alimentaci\u00f3 sostenible.<\/p>\n\n\n\n<p>Trobareu el calendari de municipis i les dates detallades de l&#8217;exposici\u00f3 a l&#8217;agenda d&#8217;activitats de la<a href=\"https:\/\/alimentaciosostenible.barcelona\/ca\/lany-de-lalimentacio-sostenible\/barcelona-capital-mundial-de-lalimentacio-sostenible-2021\/agenda\"> Capital Mundial de l&#8217;Alimentaci\u00f3 Sostenible<\/a>.<\/p>\n\n\n\n<p>M\u00e9s informaci\u00f3, <a href=\"https:\/\/www.amb.cat\/ca\/web\/amb\/actualitat\/sala-de-premsa\/notes-de-premsa\/detall\/-\/notapremsa\/s-inaugura-l-exposicio--artistes-amb-tractor---que-arribara-a-30-municipis\/11014952\/11696\">aqu\u00ed<\/a>.<\/p>\n\n\n\n<p><br>:: Descarregueu-vos el <a href=\"https:\/\/blogs.amb.cat\/alimentaciometropolitana\/wp-content\/uploads\/sites\/14\/2021\/06\/0_Triptic_Artistes-amb-tractor_INTERACTIU-1-2.pdf\">tr\u00edptic informatiu<\/a> ::<\/p>\n","protected":false},"excerpt":{"rendered":"<p>La fot\u00f2grafa Sara Bold\u00fa converteix la pagesia en obra d\u2019art L\u2019\u00c0rea Metropolitana de Barcelona (AMB), amb l&#8217;Associaci\u00f3 Catalana de Micropobles i les quatre diputacions catalanes, presenta l\u2019exposici\u00f3 \u2018Artistes amb tractor\u2019, que dissabte dissabte 5 de juny aterra a Sant Miquel de Campmajor (Pla de l\u2019Estany). \u00c9s una mostra fotogr\u00e0fica en qu\u00e8 l\u2019autora, Sara Bold\u00fa, posa [&hellip;]<\/p>\n","protected":false},"author":38,"featured_media":116,"comment_status":"closed","ping_status":"open","sticky":false,"template":"","format":"standard","meta":{"_oasis_is_in_workflow":0,"_oasis_original":0,"ngg_post_thumbnail":0},"categories":[1],"tags":[34,53,7],"_links":{"self":[{"href":"https:\/\/blogs.amb.cat\/alimentaciometropolitana\/wp-json\/wp\/v2\/posts\/115"}],"collection":[{"href":"https:\/\/blogs.amb.cat\/alimentaciometropolitana\/wp-json\/wp\/v2\/posts"}],"about":[{"href":"https:\/\/blogs.amb.cat\/alimentaciometropolitana\/wp-json\/wp\/v2\/types\/post"}],"author":[{"embeddable":true,"href":"https:\/\/blogs.amb.cat\/alimentaciometropolitana\/wp-json\/wp\/v2\/users\/38"}],"replies":[{"embeddable":true,"href":"https:\/\/blogs.amb.cat\/alimentaciometropolitana\/wp-json\/wp\/v2\/comments?post=115"}],"version-history":[{"count":6,"href":"https:\/\/blogs.amb.cat\/alimentaciometropolitana\/wp-json\/wp\/v2\/posts\/115\/revisions"}],"predecessor-version":[{"id":147,"href":"https:\/\/blogs.amb.cat\/alimentaciometropolitana\/wp-json\/wp\/v2\/posts\/115\/revisions\/147"}],"wp:featuredmedia":[{"embeddable":true,"href":"https:\/\/blogs.amb.cat\/alimentaciometropolitana\/wp-json\/wp\/v2\/media\/116"}],"wp:attachment":[{"href":"https:\/\/blogs.amb.cat\/alimentaciometropolitana\/wp-json\/wp\/v2\/media?parent=115"}],"wp:term":[{"taxonomy":"category","embeddable":true,"href":"https:\/\/blogs.amb.cat\/alimentaciometropolitana\/wp-json\/wp\/v2\/categories?post=115"},{"taxonomy":"post_tag","embeddable":true,"href":"https:\/\/blogs.amb.cat\/alimentaciometropolitana\/wp-json\/wp\/v2\/tags?post=115"}],"curies":[{"name":"wp","href":"https:\/\/api.w.org\/{rel}","templated":true}]}}