
 







{"id":1157,"date":"2023-11-15T12:58:01","date_gmt":"2023-11-15T10:58:01","guid":{"rendered":"https:\/\/blogs.amb.cat\/alimentaciometropolitana\/?p=1157"},"modified":"2023-11-15T14:01:29","modified_gmt":"2023-11-15T12:01:29","slug":"projecte-europeu-foodclic","status":"publish","type":"post","link":"https:\/\/blogs.amb.cat\/alimentaciometropolitana\/2023\/11\/15\/projecte-europeu-foodclic\/","title":{"rendered":"Projecte europeu FoodCLIC"},"content":{"rendered":"\n<h4>Millora dels entorns alimentaris en barris en situacions de vulnerabilitat<\/h4>\n\n\n\n<p>El projecte europeu <a href=\"https:\/\/foodclic.eu\/\">FoodCLIC<\/a> t\u00e9 com a objectiu dissenyar pol\u00edtiques i iniciatives innovadores per millorar els entorns alimentaris de barris metropolitans amb poblaci\u00f3 vulnerable.<\/p>\n\n\n\n<p>Des de FoodCLIC s\u2019est\u00e0 treballant amb metodologies de recerca-acci\u00f3 participativa i ja s\u2018han diagnosticat els entorns alimentaris de dos barris metropolitans: Fondo, a Santa Coloma de Gramenet, i Sant Cosme, a El Prat de Llobregat en col\u00b7laboraci\u00f3 de moltes organitzacions i ciutadania. Tamb\u00e9 s\u2018ha realitzat una an\u00e0lisi de pol\u00edtiques i iniciatives que poden ser inspiradores per al proc\u00e9s.<\/p>\n\n\n\n<p>D\u2019entre una \u00e0mplia varietat de participants, el projecte compta amb la col\u00b7laboraci\u00f3 dels Ajuntaments de <a href=\"https:\/\/eur01.safelinks.protection.outlook.com\/?url=https%3A%2F%2Fwww.elprat.cat%2F&amp;data=05%7C01%7CLivingLab%40irsicaixa.es%7C3fada15d82214dd82ed008dbe12362e3%7Cfa42aaa678a049798c8e7ae6ab5e9774%7C1%7C0%7C638351314321452994%7CUnknown%7CTWFpbGZsb3d8eyJWIjoiMC4wLjAwMDAiLCJQIjoiV2luMzIiLCJBTiI6Ik1haWwiLCJXVCI6Mn0%3D%7C3000%7C%7C%7C&amp;sdata=rqY01pOyRlsD2pu4E8H3g9%2BQs%2BmArwwfHMzO75Ls88M%3D&amp;reserved=0\">El Prat de Llobregat<\/a> i <a href=\"https:\/\/eur01.safelinks.protection.outlook.com\/?url=https%3A%2F%2Fwww.gramenet.cat%2F&amp;data=05%7C01%7CLivingLab%40irsicaixa.es%7C3fada15d82214dd82ed008dbe12362e3%7Cfa42aaa678a049798c8e7ae6ab5e9774%7C1%7C0%7C638351314321452994%7CUnknown%7CTWFpbGZsb3d8eyJWIjoiMC4wLjAwMDAiLCJQIjoiV2luMzIiLCJBTiI6Ik1haWwiLCJXVCI6Mn0%3D%7C3000%7C%7C%7C&amp;sdata=Swnwtr%2FQb%2FEnmZ7bd7C2Hghh%2Fdo6dEnXcXJShV0oCeA%3D&amp;reserved=0\">Santa Coloma de Gramenet<\/a>, i el proc\u00e9s est\u00e0 obert a la col\u00b7laboraci\u00f3 d\u2019altres ajuntaments i actors socials.<\/p>\n\n\n\n<p>FoodCLIC est\u00e0 promogut des de l\u2019AMB i el <a href=\"https:\/\/www.irsicaixa.es\/ca\/living-lab-salut\">Living Lab de Salut d\u2019IrsiCaixa<\/a> amb la col\u00b7laboraci\u00f3 de la Xarxa Alison,<\/p>\n\n\n\n<p><strong>Tallers de col\u00b7laboraci\u00f3<\/strong><\/p>\n\n\n\n<p>Tamb\u00e9 des del projecte FoodCLIC s\u2019estan organitzant diversos tallers per presentar i reflexionar entorn de la diagnosi dels entorns alimentaris amb representacions gr\u00e0fiques i definir visions compartides per imaginar col\u00b7lectivament un futur m\u00e9s saludable i sostenible en barris vulnerables. Amb aquests tallers es pret\u00e9n encetar un cam\u00ed de col\u00b7laboraci\u00f3 intersectorial entre actors relacionats amb el sistema alimentari i evitar les din\u00e0miques fragmentades, sovint menys efectives.<\/p>\n\n\n\n<p>El proper taller amb professionals relacionats amb el sistema alimentari tindr\u00e0 lloc el dia <strong>30 de novembre de 9.30 a 13 h<\/strong> al <a href=\"https:\/\/eur01.safelinks.protection.outlook.com\/?url=https%3A%2F%2Fwww.google.es%2Fmaps%2Fplace%2FCitilab%2F%4041.3597454%2C2.0593253%2C17z%2Fdata%3D!3m1!4b1!4m6!3m5!1s0x12a49be12d2cd0b3%3A0x9dea6104076f633e!8m2!3d41.3597414!4d2.0619002!16s%252Fm%252F05zqn_h%3Fentry%3Dttu&amp;data=05%7C01%7CLivingLab%40irsicaixa.es%7C3fada15d82214dd82ed008dbe12362e3%7Cfa42aaa678a049798c8e7ae6ab5e9774%7C1%7C0%7C638351314321452994%7CUnknown%7CTWFpbGZsb3d8eyJWIjoiMC4wLjAwMDAiLCJQIjoiV2luMzIiLCJBTiI6Ik1haWwiLCJXVCI6Mn0%3D%7C3000%7C%7C%7C&amp;sdata=vqmp%2BfHelcIu4eC7TA3pYq4oi77OA0%2F2kymkBVuPkQQ%3D&amp;reserved=0\">Citilab de Cornell\u00e0<\/a>.<\/p>\n\n\n\n<p><strong>Objectius del taller<\/strong><\/p>\n\n\n\n<ul><li>Presentar els objectius, els aven\u00e7os i les properes passes del projecte FoodCLIC, aix\u00ed com el seu alineament amb les pol\u00edtiques actuals<\/li><li>Compartir i reflexionar entorn de la diagnosi inicial dels entorns alimentaris dels barris de Fondo (Santa Coloma de Gramenet) i Sant Cosme (El Prat de Llobregat), i les recomanacions pol\u00edtiques elaborades des de el projecte FoodCLIC<\/li><li>Definir visions de futur compartides per imaginar col\u00b7lectivament un futur cap a una alimentaci\u00f3 m\u00e9s saludable i sostenible en barris en situacions de vulnerabilitat<\/li><li>Fomentar sinergies i el treball col\u00b7laboratiu entre els diferents actors interessats en millorar entorns alimentaris locals en zones vulnerables de l\u2019\u00c0rea Metropolitana de Barcelona<\/li><\/ul>\n\n\n\n<p>M\u00e9s informaci\u00f3 sobre el projecte i el taller:<br><a href=\"mailto:livinglab@irsicaixa.es\">livinglab@irsicaixa.es<\/a><br><a href=\"mailto:plestrategica@amb.cat\">plestrategica@amb.cat<\/a><\/p>\n\n\n\n<p>A partir del gener de 2024 s\u2019organitzaran nous tallers per acabar de definir i implementar una estrat\u00e8gia de manera col\u00b7laborativa.<\/p>\n\n\n\n<p><a href=\"https:\/\/www.amb.cat\/ca\/web\/amb\/area-internacional\/programes-i-projectes\/detall\/-\/cooperacio\/foodclic\/15255113\/11696\">M\u00e9s informaci\u00f3 sobre el projecte<\/a><\/p>\n","protected":false},"excerpt":{"rendered":"<p>Millora dels entorns alimentaris en barris en situacions de vulnerabilitat El projecte europeu FoodCLIC t\u00e9 com a objectiu dissenyar pol\u00edtiques i iniciatives innovadores per millorar els entorns alimentaris de barris metropolitans amb poblaci\u00f3 vulnerable. Des de FoodCLIC s\u2019est\u00e0 treballant amb metodologies de recerca-acci\u00f3 participativa i ja s\u2018han diagnosticat els entorns alimentaris de dos barris metropolitans: [&hellip;]<\/p>\n","protected":false},"author":7,"featured_media":1158,"comment_status":"closed","ping_status":"open","sticky":false,"template":"","format":"standard","meta":{"_oasis_is_in_workflow":0,"_oasis_original":0,"ngg_post_thumbnail":0},"categories":[1],"tags":[],"_links":{"self":[{"href":"https:\/\/blogs.amb.cat\/alimentaciometropolitana\/wp-json\/wp\/v2\/posts\/1157"}],"collection":[{"href":"https:\/\/blogs.amb.cat\/alimentaciometropolitana\/wp-json\/wp\/v2\/posts"}],"about":[{"href":"https:\/\/blogs.amb.cat\/alimentaciometropolitana\/wp-json\/wp\/v2\/types\/post"}],"author":[{"embeddable":true,"href":"https:\/\/blogs.amb.cat\/alimentaciometropolitana\/wp-json\/wp\/v2\/users\/7"}],"replies":[{"embeddable":true,"href":"https:\/\/blogs.amb.cat\/alimentaciometropolitana\/wp-json\/wp\/v2\/comments?post=1157"}],"version-history":[{"count":6,"href":"https:\/\/blogs.amb.cat\/alimentaciometropolitana\/wp-json\/wp\/v2\/posts\/1157\/revisions"}],"predecessor-version":[{"id":1166,"href":"https:\/\/blogs.amb.cat\/alimentaciometropolitana\/wp-json\/wp\/v2\/posts\/1157\/revisions\/1166"}],"wp:featuredmedia":[{"embeddable":true,"href":"https:\/\/blogs.amb.cat\/alimentaciometropolitana\/wp-json\/wp\/v2\/media\/1158"}],"wp:attachment":[{"href":"https:\/\/blogs.amb.cat\/alimentaciometropolitana\/wp-json\/wp\/v2\/media?parent=1157"}],"wp:term":[{"taxonomy":"category","embeddable":true,"href":"https:\/\/blogs.amb.cat\/alimentaciometropolitana\/wp-json\/wp\/v2\/categories?post=1157"},{"taxonomy":"post_tag","embeddable":true,"href":"https:\/\/blogs.amb.cat\/alimentaciometropolitana\/wp-json\/wp\/v2\/tags?post=1157"}],"curies":[{"name":"wp","href":"https:\/\/api.w.org\/{rel}","templated":true}]}}