
 







{"id":1184,"date":"2025-01-08T14:48:00","date_gmt":"2025-01-08T12:48:00","guid":{"rendered":"https:\/\/blogs.amb.cat\/alimentaciometropolitana\/?p=1184"},"modified":"2025-03-17T13:57:43","modified_gmt":"2025-03-17T11:57:43","slug":"oberta-la-convocatoria-de-nous-ajuts-al-foment-de-la-transformacio-del-sistema-agroalimentari-catala","status":"publish","type":"post","link":"https:\/\/blogs.amb.cat\/alimentaciometropolitana\/2025\/01\/08\/oberta-la-convocatoria-de-nous-ajuts-al-foment-de-la-transformacio-del-sistema-agroalimentari-catala\/","title":{"rendered":"Oberta la convocat\u00f2ria de nous ajuts al foment de la transformaci\u00f3 del sistema agroalimentari catal\u00e0"},"content":{"rendered":"\n<h4>Fins al 27 de gener de 2025 es pot accedir a qualsevol de les 10 l\u00ednies d&#8217;ajuts de la convocat\u00f2ria<\/h4>\n\n\n\n<p>En l\u00ednia amb l\u2019<a rel=\"noreferrer noopener\" href=\"https:\/\/agricultura.gencat.cat\/ca\/ambits\/alimentacio\/estrategia-alimentaria\/\" data-type=\"URL\" data-id=\"https:\/\/agricultura.gencat.cat\/ca\/ambits\/alimentacio\/estrategia-alimentaria\/\" target=\"_blank\">Estrat\u00e8gia Aliment\u00e0ria de Catalunya<\/a> de la Generalitat de Catalunya, s\u2019han publicat nous ajuts per al foment de la transformaci\u00f3 del sistema alimentari.<\/p>\n\n\n\n<p>En concret, el Departament d\u2019Agricultura, Ramaderia, Pesca i Alimentaci\u00f3 (DARPA) ha obert la segona convocat\u00f2ria d\u2019ajuts de l\u2019Estrat\u00e8gia Aliment\u00e0ria, que augmenta dels 10,6 milions d&#8217;euros de la primera (de la qual es van beneficiar un total de 1.326 projectes arreu de Catalunya), als 18,5 actuals, amb l\u2019objectiu d\u2019impulsar la transformaci\u00f3 del sistema agroalimentari per avan\u00e7ar en clau ambiental, social i econ\u00f2mica i fer front a grans reptes com el canvi clim\u00e0tic, la falta de relleu generacional, el malbaratament alimentari o el desequilibri en la distribuci\u00f3 de valor entre les diverses baules de la cadena aliment\u00e0ria.<\/p>\n\n\n\n<p>S\u2019han definit les seg\u00fcents 10 l\u00ednies d\u2019ajuts:<\/p>\n\n\n\n<div class=\"wp-block-image\"><figure class=\"aligncenter size-large is-resized\"><img src=\"https:\/\/blogs.amb.cat\/alimentaciometropolitana\/wp-content\/uploads\/sites\/14\/2025\/01\/20250108_AJUST_alimenta_gene_poster-724x1024.jpg\" alt=\"\" class=\"wp-image-1183\" width=\"544\" height=\"769\" srcset=\"https:\/\/blogs.amb.cat\/alimentaciometropolitana\/wp-content\/uploads\/sites\/14\/2025\/01\/20250108_AJUST_alimenta_gene_poster-724x1024.jpg 724w, https:\/\/blogs.amb.cat\/alimentaciometropolitana\/wp-content\/uploads\/sites\/14\/2025\/01\/20250108_AJUST_alimenta_gene_poster-212x300.jpg 212w, https:\/\/blogs.amb.cat\/alimentaciometropolitana\/wp-content\/uploads\/sites\/14\/2025\/01\/20250108_AJUST_alimenta_gene_poster-768x1086.jpg 768w, https:\/\/blogs.amb.cat\/alimentaciometropolitana\/wp-content\/uploads\/sites\/14\/2025\/01\/20250108_AJUST_alimenta_gene_poster-1086x1536.jpg 1086w, https:\/\/blogs.amb.cat\/alimentaciometropolitana\/wp-content\/uploads\/sites\/14\/2025\/01\/20250108_AJUST_alimenta_gene_poster-1448x2048.jpg 1448w, https:\/\/blogs.amb.cat\/alimentaciometropolitana\/wp-content\/uploads\/sites\/14\/2025\/01\/20250108_AJUST_alimenta_gene_poster.jpg 1754w\" sizes=\"(max-width: 544px) 100vw, 544px\" \/><\/figure><\/div>\n\n\n\n<p><a href=\"https:\/\/agricultura.gencat.cat\/ca\/ambits\/alimentacio\/estrategia-alimentaria\/ajuts\/\" data-type=\"URL\" data-id=\"https:\/\/agricultura.gencat.cat\/ca\/ambits\/alimentacio\/estrategia-alimentaria\/ajuts\/\" target=\"_blank\" rel=\"noreferrer noopener\">Informaci\u00f3, sol\u00b7licituds i tramitaci\u00f3<\/a><\/p>\n","protected":false},"excerpt":{"rendered":"<p>Fins al 27 de gener de 2025 es pot accedir a qualsevol de les 10 l\u00ednies d&#8217;ajuts de la convocat\u00f2ria En l\u00ednia amb l\u2019Estrat\u00e8gia Aliment\u00e0ria de Catalunya de la Generalitat de Catalunya, s\u2019han publicat nous ajuts per al foment de la transformaci\u00f3 del sistema alimentari. En concret, el Departament d\u2019Agricultura, Ramaderia, Pesca i Alimentaci\u00f3 (DARPA) [&hellip;]<\/p>\n","protected":false},"author":7,"featured_media":1181,"comment_status":"closed","ping_status":"open","sticky":false,"template":"","format":"standard","meta":{"_oasis_is_in_workflow":0,"_oasis_original":0,"ngg_post_thumbnail":0},"categories":[1,184],"tags":[],"_links":{"self":[{"href":"https:\/\/blogs.amb.cat\/alimentaciometropolitana\/wp-json\/wp\/v2\/posts\/1184"}],"collection":[{"href":"https:\/\/blogs.amb.cat\/alimentaciometropolitana\/wp-json\/wp\/v2\/posts"}],"about":[{"href":"https:\/\/blogs.amb.cat\/alimentaciometropolitana\/wp-json\/wp\/v2\/types\/post"}],"author":[{"embeddable":true,"href":"https:\/\/blogs.amb.cat\/alimentaciometropolitana\/wp-json\/wp\/v2\/users\/7"}],"replies":[{"embeddable":true,"href":"https:\/\/blogs.amb.cat\/alimentaciometropolitana\/wp-json\/wp\/v2\/comments?post=1184"}],"version-history":[{"count":4,"href":"https:\/\/blogs.amb.cat\/alimentaciometropolitana\/wp-json\/wp\/v2\/posts\/1184\/revisions"}],"predecessor-version":[{"id":1189,"href":"https:\/\/blogs.amb.cat\/alimentaciometropolitana\/wp-json\/wp\/v2\/posts\/1184\/revisions\/1189"}],"wp:featuredmedia":[{"embeddable":true,"href":"https:\/\/blogs.amb.cat\/alimentaciometropolitana\/wp-json\/wp\/v2\/media\/1181"}],"wp:attachment":[{"href":"https:\/\/blogs.amb.cat\/alimentaciometropolitana\/wp-json\/wp\/v2\/media?parent=1184"}],"wp:term":[{"taxonomy":"category","embeddable":true,"href":"https:\/\/blogs.amb.cat\/alimentaciometropolitana\/wp-json\/wp\/v2\/categories?post=1184"},{"taxonomy":"post_tag","embeddable":true,"href":"https:\/\/blogs.amb.cat\/alimentaciometropolitana\/wp-json\/wp\/v2\/tags?post=1184"}],"curies":[{"name":"wp","href":"https:\/\/api.w.org\/{rel}","templated":true}]}}