
 







{"id":1195,"date":"2025-01-17T15:08:02","date_gmt":"2025-01-17T13:08:02","guid":{"rendered":"https:\/\/blogs.amb.cat\/alimentaciometropolitana\/?p=1195"},"modified":"2025-03-17T13:57:16","modified_gmt":"2025-03-17T11:57:16","slug":"es-presenta-el-projecte-de-ciclologistica-desplugues-de-llobregat-associat-al-comerc-local-en-el-marc-de-la-jornada-dimpuls-a-la-ciclologistica","status":"publish","type":"post","link":"https:\/\/blogs.amb.cat\/alimentaciometropolitana\/2025\/01\/17\/es-presenta-el-projecte-de-ciclologistica-desplugues-de-llobregat-associat-al-comerc-local-en-el-marc-de-la-jornada-dimpuls-a-la-ciclologistica\/","title":{"rendered":"Es presenta el projecte de ciclolog\u00edstica d\u2019Esplugues de Llobregat associat al comer\u00e7 local, en el marc de la jornada d\u2019impuls a la ciclolog\u00edstica"},"content":{"rendered":"\n<p>L\u2019Espai Baronda, ubicat al municipi d\u2019Esplugues de Llobregat, ha acollit aquest 14 de gener un seminari sobre ciclolog\u00edstica, organitzat per <a href=\"https:\/\/www.redbici.org\/\" target=\"_blank\" rel=\"noreferrer noopener\">RedBici<\/a> (Red de Ciudades y Territorios por la Bicicleta), l\u2019<a href=\"https:\/\/www.esplugues.cat\/\" target=\"_blank\" rel=\"noreferrer noopener\">Ajuntament d\u2019Esplugues<\/a> i l\u2019AMB, amb experts t\u00e8cnics i jur\u00eddics de tota Espanya, on s\u2019han presentat diferents iniciatives innovadores sobre distribuci\u00f3 urbana de mercaderies de darrera milla amb bicicletes de c\u00e0rrega (experi\u00e8ncies del projecte europeu <a href=\"https:\/\/decarbomile.eu\/es\/\" target=\"_blank\" rel=\"noreferrer noopener\">DecarboMile<\/a>). Tamb\u00e9 s\u2019han presentat les conclusions d\u2019un estudi jur\u00eddic que s\u2019ha realitzat per analitzar les solucions de cessi\u00f3 d\u2019espai p\u00fablic, per part de lesa administracions p\u00fabliques, per a la implementaci\u00f3 de servei de ciclolog\u00edstica als municipis.<\/p>\n\n\n\n<p>L\u2019Ajuntament d\u2019Esplugues ha presentat, en el marc de la jornada, el seu <a href=\"https:\/\/drive.google.com\/file\/d\/18it9LMoECWyqUiuShGlyX5G1JR4eqraE\/view\" target=\"_blank\" rel=\"noreferrer noopener\">projecte de ciclolog\u00edstica<\/a>, que consisteix en la disposici\u00f3 de tres micro-hubs (petits centres log\u00edstics on s\u2019agrupa la mercaderia per ser entregada en una \u00e0rea urbana determinada), als mercats municipals de La Plana i Can Vidalet i a la Biblioteca Pare Miquel d\u2019Esplugues (ubicada al Parc Pou d\u2019en F\u00e8lix), per poder abastar de manera eficient tot el municipi.<\/p>\n\n\n\n<blockquote class=\"wp-block-quote\"><p>Es preveu inaugurar el projecte a finals d\u2019aquest 2025<\/p><\/blockquote>\n\n\n\n<p>La ubicaci\u00f3 dels locals s&#8217;ha determinat en base a dades de l&#8217;estudi que indicaven on es donava una millor cobertura, segons la densitat de la poblaci\u00f3 i els comer\u00e7os que hi havia als voltants. Cada espai, d\u2019uns 80-100 m<sup>2<\/sup>, constar\u00e0 de lockers (armaris) refrigerats, magatzems i aparcament per a vehicles.<\/p>\n\n\n\n<p>Es preveu inaugurar el projecte a finals d\u2019aquest 2025, amb la posada en funcionament dels tres&nbsp;micro-hubs&nbsp;locals.&nbsp;Cada microhub disposa d\u2019un pressupost d&#8217;entre 80.000 i 100.000 euros, finan\u00e7at per l\u2019AMB, la Diputaci\u00f3 de Barcelona, els fons europeus i l&#8217;Ajuntament d&#8217;Esplugues.<\/p>\n\n\n\n<p>Destaquem tamb\u00e9 que, en conson\u00e0ncia amb la tem\u00e0tica de la jornada, el c\u00e0tering elaborat per <a href=\"https:\/\/lafundicio.net\/kerasbuti\/lasuculenta\/\" target=\"_blank\" rel=\"noreferrer noopener\">La Suculenta<\/a> amb productes ecol\u00f2gics i de proximitat va ser traslladat des de l\u2019Hospitalet de Llobregat amb bici de c\u00e0rrega de l\u2019<a href=\"https:\/\/www.ateneulh.coop\/lh-en-bici\/\" target=\"_blank\" rel=\"noreferrer noopener\">Henbici<\/a>, entitat que va ser premiada l\u2019any 2024 en el marc dels <a href=\"https:\/\/blogs.amb.cat\/bicicleta\/ca\/2024\/03\/20\/entrega-dels-premis-bicimpuls-2023\/\" target=\"_blank\" rel=\"noreferrer noopener\">Premis Bicimpuls 2023<\/a>, impulsats per l\u2019AMB.<\/p>\n\n\n\n<p><a href=\"https:\/\/www.amb.cat\/ca\/web\/mobilitat\/actualitat\/noticies\/detall\/-\/noticia\/jornada-d-impuls-a-la-ciclologistica\/26005065\/11704\" target=\"_blank\" rel=\"noreferrer noopener\">M\u00e9s informaci\u00f3<\/a><\/p>\n","protected":false},"excerpt":{"rendered":"<p>L\u2019Espai Baronda, ubicat al municipi d\u2019Esplugues de Llobregat, ha acollit aquest 14 de gener un seminari sobre ciclolog\u00edstica, organitzat per RedBici (Red de Ciudades y Territorios por la Bicicleta), l\u2019Ajuntament d\u2019Esplugues i l\u2019AMB, amb experts t\u00e8cnics i jur\u00eddics de tota Espanya, on s\u2019han presentat diferents iniciatives innovadores sobre distribuci\u00f3 urbana de mercaderies de darrera milla [&hellip;]<\/p>\n","protected":false},"author":7,"featured_media":1198,"comment_status":"closed","ping_status":"open","sticky":false,"template":"","format":"standard","meta":{"_oasis_is_in_workflow":0,"_oasis_original":0,"ngg_post_thumbnail":0},"categories":[185,1],"tags":[],"_links":{"self":[{"href":"https:\/\/blogs.amb.cat\/alimentaciometropolitana\/wp-json\/wp\/v2\/posts\/1195"}],"collection":[{"href":"https:\/\/blogs.amb.cat\/alimentaciometropolitana\/wp-json\/wp\/v2\/posts"}],"about":[{"href":"https:\/\/blogs.amb.cat\/alimentaciometropolitana\/wp-json\/wp\/v2\/types\/post"}],"author":[{"embeddable":true,"href":"https:\/\/blogs.amb.cat\/alimentaciometropolitana\/wp-json\/wp\/v2\/users\/7"}],"replies":[{"embeddable":true,"href":"https:\/\/blogs.amb.cat\/alimentaciometropolitana\/wp-json\/wp\/v2\/comments?post=1195"}],"version-history":[{"count":1,"href":"https:\/\/blogs.amb.cat\/alimentaciometropolitana\/wp-json\/wp\/v2\/posts\/1195\/revisions"}],"predecessor-version":[{"id":1196,"href":"https:\/\/blogs.amb.cat\/alimentaciometropolitana\/wp-json\/wp\/v2\/posts\/1195\/revisions\/1196"}],"wp:featuredmedia":[{"embeddable":true,"href":"https:\/\/blogs.amb.cat\/alimentaciometropolitana\/wp-json\/wp\/v2\/media\/1198"}],"wp:attachment":[{"href":"https:\/\/blogs.amb.cat\/alimentaciometropolitana\/wp-json\/wp\/v2\/media?parent=1195"}],"wp:term":[{"taxonomy":"category","embeddable":true,"href":"https:\/\/blogs.amb.cat\/alimentaciometropolitana\/wp-json\/wp\/v2\/categories?post=1195"},{"taxonomy":"post_tag","embeddable":true,"href":"https:\/\/blogs.amb.cat\/alimentaciometropolitana\/wp-json\/wp\/v2\/tags?post=1195"}],"curies":[{"name":"wp","href":"https:\/\/api.w.org\/{rel}","templated":true}]}}