
 







{"id":1207,"date":"2025-02-06T13:31:38","date_gmt":"2025-02-06T11:31:38","guid":{"rendered":"https:\/\/blogs.amb.cat\/alimentaciometropolitana\/?p=1207"},"modified":"2025-03-17T13:44:28","modified_gmt":"2025-03-17T11:44:28","slug":"mercabarna-estrena-un-videopodcast-sobre-el-producte-de-proximitat-presentat-pel-cuiner-marc-ribas","status":"publish","type":"post","link":"https:\/\/blogs.amb.cat\/alimentaciometropolitana\/2025\/02\/06\/mercabarna-estrena-un-videopodcast-sobre-el-producte-de-proximitat-presentat-pel-cuiner-marc-ribas\/","title":{"rendered":"Mercabarna estrena un videop\u00f2dcast sobre el producte de proximitat presentat pel cuiner Marc Ribas"},"content":{"rendered":"\n<p>Aquest mes de gener, Mercabarna ha estrenat, \u201cConverses de proximitat\u201d, una s\u00e8rie quinzenal de videop\u00f2dcasts on el cuiner Marc Ribas s\u2019endinsar\u00e0 en el m\u00f3n del producte de proximitat conversant amb professionals de la pagesia, el comer\u00e7 majorista i detallista, la nutrici\u00f3 i la salut, l\u2019enginyeria o el periodisme.<strong>&nbsp;<\/strong><\/p>\n\n\n\n<p>L\u2019objectiu \u00e9s con\u00e8ixer i posar de manifest el valor gastron\u00f2mic, nutricional, social i econ\u00f2mic del producte de proximitat a trav\u00e9s de converses properes que tenen lloc a Mercabarna, el cor dels aliments frescos de Catalunya.&nbsp;<\/p>\n\n\n\n<p>En concret, el primer cap\u00edtol recull les converses entorn al producte de proximitat amb la Carme Gasull, periodista gastron\u00f2mica; la Marta Figueredo, que est\u00e0 al capdavant de Can Puxic, productors de tom\u00e0quet de Premi\u00e0 de Dalt; i el Jes\u00fas Pellicer, pag\u00e8s d&#8217;El Papiol i president de l&#8217;Associaci\u00f3 de la Pagesia de Mercabarna.<\/p>\n\n\n\n<p>El segon cap\u00edtol ha vist la llum aquesta setmana i s\u2019endinsa en el m\u00f3n de l&#8217;alimentaci\u00f3 saludable de la m\u00e0 de la Gemma Salvador, de l&#8217;Ag\u00e8ncia de Salut P\u00fablica de Catalunya, i la Mireia Galt\u00e9s, nutricionista i divulgadora a Lemon&#8217;s Secrets.<\/p>\n\n\n\n<p><br>Per a visualitzar aquests p\u00f2dcasts, accediu al <a href=\"https:\/\/www.youtube.com\/@Mercabarna21\/podcasts\">canal de Youtube de Mercabarna<\/a>.<\/p>\n\n\n\n<p><\/p>\n","protected":false},"excerpt":{"rendered":"<p>Aquest mes de gener, Mercabarna ha estrenat, \u201cConverses de proximitat\u201d, una s\u00e8rie quinzenal de videop\u00f2dcasts on el cuiner Marc Ribas s\u2019endinsar\u00e0 en el m\u00f3n del producte de proximitat conversant amb professionals de la pagesia, el comer\u00e7 majorista i detallista, la nutrici\u00f3 i la salut, l\u2019enginyeria o el periodisme.&nbsp; L\u2019objectiu \u00e9s con\u00e8ixer i posar de manifest [&hellip;]<\/p>\n","protected":false},"author":7,"featured_media":1208,"comment_status":"closed","ping_status":"open","sticky":false,"template":"","format":"standard","meta":{"_oasis_is_in_workflow":0,"_oasis_original":0,"ngg_post_thumbnail":0},"categories":[1,183],"tags":[],"_links":{"self":[{"href":"https:\/\/blogs.amb.cat\/alimentaciometropolitana\/wp-json\/wp\/v2\/posts\/1207"}],"collection":[{"href":"https:\/\/blogs.amb.cat\/alimentaciometropolitana\/wp-json\/wp\/v2\/posts"}],"about":[{"href":"https:\/\/blogs.amb.cat\/alimentaciometropolitana\/wp-json\/wp\/v2\/types\/post"}],"author":[{"embeddable":true,"href":"https:\/\/blogs.amb.cat\/alimentaciometropolitana\/wp-json\/wp\/v2\/users\/7"}],"replies":[{"embeddable":true,"href":"https:\/\/blogs.amb.cat\/alimentaciometropolitana\/wp-json\/wp\/v2\/comments?post=1207"}],"version-history":[{"count":2,"href":"https:\/\/blogs.amb.cat\/alimentaciometropolitana\/wp-json\/wp\/v2\/posts\/1207\/revisions"}],"predecessor-version":[{"id":1210,"href":"https:\/\/blogs.amb.cat\/alimentaciometropolitana\/wp-json\/wp\/v2\/posts\/1207\/revisions\/1210"}],"wp:featuredmedia":[{"embeddable":true,"href":"https:\/\/blogs.amb.cat\/alimentaciometropolitana\/wp-json\/wp\/v2\/media\/1208"}],"wp:attachment":[{"href":"https:\/\/blogs.amb.cat\/alimentaciometropolitana\/wp-json\/wp\/v2\/media?parent=1207"}],"wp:term":[{"taxonomy":"category","embeddable":true,"href":"https:\/\/blogs.amb.cat\/alimentaciometropolitana\/wp-json\/wp\/v2\/categories?post=1207"},{"taxonomy":"post_tag","embeddable":true,"href":"https:\/\/blogs.amb.cat\/alimentaciometropolitana\/wp-json\/wp\/v2\/tags?post=1207"}],"curies":[{"name":"wp","href":"https:\/\/api.w.org\/{rel}","templated":true}]}}