
 







{"id":1212,"date":"2025-02-28T12:37:14","date_gmt":"2025-02-28T10:37:14","guid":{"rendered":"https:\/\/blogs.amb.cat\/alimentaciometropolitana\/?p=1212"},"modified":"2025-03-18T11:33:58","modified_gmt":"2025-03-18T09:33:58","slug":"la-nova-temporada-de-les-jugatecambientals-ja-es-aqui","status":"publish","type":"post","link":"https:\/\/blogs.amb.cat\/alimentaciometropolitana\/2025\/02\/28\/la-nova-temporada-de-les-jugatecambientals-ja-es-aqui\/","title":{"rendered":"La nova temporada de les Jugatecambientals ja \u00e9s aqu\u00ed!"},"content":{"rendered":"\n<p>Aquesta setmana comen\u00e7a la <strong>nova temporada de primavera de les Jugatecambientals als parcs i platges de l\u2019\u00c0rea Metropolitana de Barcelona<\/strong>, activitats que s\u2019estendran fins al juny, oferint activitats l\u00fadiques de tot tipus per a les fam\u00edlies. Normalment estan programades els diumenges en horari de mat\u00ed, a excepci\u00f3 d\u2019alguns parcs. Totes les activitats s\u00f3n gratu\u00eftes i sense inscripci\u00f3 pr\u00e8via. S\u00f3n espais de tallers programats, encara que tamb\u00e9 compten amb espais de joc d\u2019\u00fas lliure, on les fam\u00edlies poden triar entre un gran ventall d\u2019activitats l\u00fadiques i educatives.<\/p>\n\n\n\n<p>S\u2019han programat un total de 1.175 activitats que es reparteixen en 46 parcs i platges, de les quals, en trobem <strong>moltes activitats relacionades amb el sistema alimentari<\/strong>. En concret, destaquem algunes relacionades amb els horts com \u201c<strong>Hort al balc\u00f3<\/strong>\u201d, on es tracten les verdures de temporada i s\u2019explica qu\u00e8 \u00e9s un hort urb\u00e0 i \u201c<strong>Un hort vertical<\/strong>\u201d o \u201c<strong>Un hort en ampolles<\/strong>\u201d, activitats on es tracten els horts verticals i es crear\u00e0 un amb materials de rebuig. Relacionades amb els aliments, podem trobar activitats diverses com \u201c<strong>El calendari de pag\u00e8s<\/strong>\u201d, on s\u2019aprendr\u00e0 quines s\u00f3n les verdures de temporada i qu\u00e8 \u00e9s el consum de proximitat, \u201c<strong>El bon consumidor: sostenible i responsable<\/strong>\u201d, taller on es realitzar\u00e0 una recepta de cuina, i per \u00faltim, \u201c<strong>Nutrici\u00f3 saludable<\/strong>\u201d on es coneixer\u00e0 de manera divertida els productes de temporada. Relacionades amb el malbaratament alimentari i els residus, hi ha v\u00e0ries activitats programades com \u201c<strong>El viatge del Recuc<\/strong>\u201d, on el Recuc, personatge del conte infantil <em>El Recuc i el tresor de la brossa org\u00e0nica<\/em>, explicar\u00e0 el viatge que segueix la brossa org\u00e0nica. \u201c<strong>Agafem el cab\u00e0s<\/strong>\u201d \u00e9s una altra activitat en la que s\u2019aprendr\u00e0 les caracter\u00edstiques dels residus a trav\u00e9s del joc de l\u2019oca, i finalment \u201c<strong>Aprofruita<\/strong>\u201d, on es treballar\u00e0 i reflexionar\u00e0 sobre el malbaratament alimentari. Finalment, tamb\u00e9 destaquem alguna activitat relacionada amb l\u2019estalvi d\u2019aigua com \u201c<strong>De gota en gota<\/strong>\u201d, on s\u2019expliquen bones pr\u00e0ctiques per al seu estalvi. Com a novetats d\u2019aquesta temporada, en primer lloc s\u2019implementa definitivament el passaport de fidelitat de les Jugatecambientals. Aquests passaports rebran un segell cada com que es faci una activitat. Cada cop que s\u2019omplin 10 segells, es rebr\u00e0 un obsequi. En segon lloc, s\u2019implementa una Jugateca Viatgera, una Jugateca itinerant que podr\u00e0 estar present a festes majors, diades i altres esdeveniments, amb l\u2019objectiu d\u2019arribar a m\u00e9s barris i m\u00e9s municipis.<\/p>\n\n\n\n<p>Per veure la programaci\u00f3 completa, consulteu <a rel=\"noreferrer noopener\" href=\"https:\/\/www.amb.cat\/web\/territori\/espai-public\/punts-interes\/jugatecambiental\" target=\"_blank\">www.amb.cat\/jugatecambiental<\/a>.<\/p>\n","protected":false},"excerpt":{"rendered":"<p>Aquesta setmana comen\u00e7a la nova temporada de primavera de les Jugatecambientals als parcs i platges de l\u2019\u00c0rea Metropolitana de Barcelona, activitats que s\u2019estendran fins al juny, oferint activitats l\u00fadiques de tot tipus per a les fam\u00edlies. Normalment estan programades els diumenges en horari de mat\u00ed, a excepci\u00f3 d\u2019alguns parcs. Totes les activitats s\u00f3n gratu\u00eftes i [&hellip;]<\/p>\n","protected":false},"author":7,"featured_media":1213,"comment_status":"closed","ping_status":"open","sticky":false,"template":"","format":"standard","meta":{"_oasis_is_in_workflow":0,"_oasis_original":0,"ngg_post_thumbnail":0},"categories":[186,1,187],"tags":[],"_links":{"self":[{"href":"https:\/\/blogs.amb.cat\/alimentaciometropolitana\/wp-json\/wp\/v2\/posts\/1212"}],"collection":[{"href":"https:\/\/blogs.amb.cat\/alimentaciometropolitana\/wp-json\/wp\/v2\/posts"}],"about":[{"href":"https:\/\/blogs.amb.cat\/alimentaciometropolitana\/wp-json\/wp\/v2\/types\/post"}],"author":[{"embeddable":true,"href":"https:\/\/blogs.amb.cat\/alimentaciometropolitana\/wp-json\/wp\/v2\/users\/7"}],"replies":[{"embeddable":true,"href":"https:\/\/blogs.amb.cat\/alimentaciometropolitana\/wp-json\/wp\/v2\/comments?post=1212"}],"version-history":[{"count":2,"href":"https:\/\/blogs.amb.cat\/alimentaciometropolitana\/wp-json\/wp\/v2\/posts\/1212\/revisions"}],"predecessor-version":[{"id":1247,"href":"https:\/\/blogs.amb.cat\/alimentaciometropolitana\/wp-json\/wp\/v2\/posts\/1212\/revisions\/1247"}],"wp:featuredmedia":[{"embeddable":true,"href":"https:\/\/blogs.amb.cat\/alimentaciometropolitana\/wp-json\/wp\/v2\/media\/1213"}],"wp:attachment":[{"href":"https:\/\/blogs.amb.cat\/alimentaciometropolitana\/wp-json\/wp\/v2\/media?parent=1212"}],"wp:term":[{"taxonomy":"category","embeddable":true,"href":"https:\/\/blogs.amb.cat\/alimentaciometropolitana\/wp-json\/wp\/v2\/categories?post=1212"},{"taxonomy":"post_tag","embeddable":true,"href":"https:\/\/blogs.amb.cat\/alimentaciometropolitana\/wp-json\/wp\/v2\/tags?post=1212"}],"curies":[{"name":"wp","href":"https:\/\/api.w.org\/{rel}","templated":true}]}}