
 







{"id":1235,"date":"2025-03-17T12:46:00","date_gmt":"2025-03-17T10:46:00","guid":{"rendered":"https:\/\/blogs.amb.cat\/alimentaciometropolitana\/?p=1235"},"modified":"2025-03-18T11:50:31","modified_gmt":"2025-03-18T09:50:31","slug":"nou-seminari-web-organitzat-pel-mufpp","status":"publish","type":"post","link":"https:\/\/blogs.amb.cat\/alimentaciometropolitana\/2025\/03\/17\/nou-seminari-web-organitzat-pel-mufpp\/","title":{"rendered":"Nou seminari web organitzat pel MUFPP"},"content":{"rendered":"\n<h4>Aigua i sistema alimentari: un nexe clau per les pol\u00edtiques aliment\u00e0ries urbanes.<\/h4>\n\n\n\n<p>Amb motiu del dia mundial de l\u2019aigua, el pr\u00f2xim <strong>divendres 21 de mar\u00e7<\/strong>, el MUFPP (el Pacte de Mil\u00e0 de Pol\u00edtiques Aliment\u00e0ries Urbanes) presenta el seminari web <strong>Aigua i Sistema Alimentari: un nexe clau per a les pol\u00edtiques aliment\u00e0ries urbanes<\/strong>, desenvolupat en col\u00b7laboraci\u00f3 amb l\u2019Ag\u00e8ncia Italiana de Desenvolupament i Cooperaci\u00f3.<\/p>\n\n\n\n<p>L\u2019AMB va formalitzar l\u2019adhesi\u00f3 al Pacte de Mil\u00e0 l\u2019estiu del 2021, comprometent-se a impulsar sistemes agroalimentaris sostenibles, inclusius, resilients, segurs i diversificats. El MUFPP ha convidat les ciutats signants i tota la poblaci\u00f3 que s\u2019hi vulgui adherir, a inscriure\u2019s a l\u2019esmentat seminari web. Es realitzar\u00e0 en dues sessions durant el dia 21 de mar\u00e7, en horari de mat\u00ed i de tarda.<\/p>\n\n\n\n<p>Aquest seminari pret\u00e9n abordar la relaci\u00f3 entre l\u2019aigua i el sistema alimentari en el context de les pol\u00edtiques aliment\u00e0ries urbanes: <strong>l\u2019aigua \u00e9s vital<\/strong> per a la vida urbana, i impacta en la salut p\u00fablica, l\u2019economia i l\u2019equitat social. <strong>Les ciutats tenen un paper clau en la gesti\u00f3 d\u2019aquest recurs<\/strong> al llarg de tot el cicle integral de l\u2019aigua i \u00e9s determinant que tinguin en consideraci\u00f3 tots aquells reptes actuals i futurs relacionats amb la contaminaci\u00f3, el canvi clim\u00e0tic, l\u2019\u00fas responsable, entre molts altres. La presentaci\u00f3 s\u2019enfoca en la necessitat de tenir<strong> pol\u00edtiques urbanes <\/strong>resilients per garantir a tota la poblaci\u00f3, especialment als grups vulnerables, l\u2019acc\u00e9s a l\u2019aigua potable.<\/p>\n\n\n\n<p>Per a m\u00e9s informaci\u00f3, consulteu: <a href=\"https:\/\/www.milanurbanfoodpolicypact.org\/webinar-water-and-food-system-a-key-nexus-for-urban-food-policies\/\">https:\/\/www.milanurbanfoodpolicypact.org\/webinar-water-and-food-system-a-key-nexus-for-urban-food-policies\/<\/a><\/p>\n","protected":false},"excerpt":{"rendered":"<p>Aigua i sistema alimentari: un nexe clau per les pol\u00edtiques aliment\u00e0ries urbanes. Amb motiu del dia mundial de l\u2019aigua, el pr\u00f2xim divendres 21 de mar\u00e7, el MUFPP (el Pacte de Mil\u00e0 de Pol\u00edtiques Aliment\u00e0ries Urbanes) presenta el seminari web Aigua i Sistema Alimentari: un nexe clau per a les pol\u00edtiques aliment\u00e0ries urbanes, desenvolupat en col\u00b7laboraci\u00f3 [&hellip;]<\/p>\n","protected":false},"author":1,"featured_media":1236,"comment_status":"closed","ping_status":"open","sticky":false,"template":"","format":"standard","meta":{"_oasis_is_in_workflow":0,"_oasis_original":0,"ngg_post_thumbnail":0},"categories":[1],"tags":[],"_links":{"self":[{"href":"https:\/\/blogs.amb.cat\/alimentaciometropolitana\/wp-json\/wp\/v2\/posts\/1235"}],"collection":[{"href":"https:\/\/blogs.amb.cat\/alimentaciometropolitana\/wp-json\/wp\/v2\/posts"}],"about":[{"href":"https:\/\/blogs.amb.cat\/alimentaciometropolitana\/wp-json\/wp\/v2\/types\/post"}],"author":[{"embeddable":true,"href":"https:\/\/blogs.amb.cat\/alimentaciometropolitana\/wp-json\/wp\/v2\/users\/1"}],"replies":[{"embeddable":true,"href":"https:\/\/blogs.amb.cat\/alimentaciometropolitana\/wp-json\/wp\/v2\/comments?post=1235"}],"version-history":[{"count":4,"href":"https:\/\/blogs.amb.cat\/alimentaciometropolitana\/wp-json\/wp\/v2\/posts\/1235\/revisions"}],"predecessor-version":[{"id":1250,"href":"https:\/\/blogs.amb.cat\/alimentaciometropolitana\/wp-json\/wp\/v2\/posts\/1235\/revisions\/1250"}],"wp:featuredmedia":[{"embeddable":true,"href":"https:\/\/blogs.amb.cat\/alimentaciometropolitana\/wp-json\/wp\/v2\/media\/1236"}],"wp:attachment":[{"href":"https:\/\/blogs.amb.cat\/alimentaciometropolitana\/wp-json\/wp\/v2\/media?parent=1235"}],"wp:term":[{"taxonomy":"category","embeddable":true,"href":"https:\/\/blogs.amb.cat\/alimentaciometropolitana\/wp-json\/wp\/v2\/categories?post=1235"},{"taxonomy":"post_tag","embeddable":true,"href":"https:\/\/blogs.amb.cat\/alimentaciometropolitana\/wp-json\/wp\/v2\/tags?post=1235"}],"curies":[{"name":"wp","href":"https:\/\/api.w.org\/{rel}","templated":true}]}}