
 







{"id":1320,"date":"2025-05-21T11:34:11","date_gmt":"2025-05-21T09:34:11","guid":{"rendered":"https:\/\/blogs.amb.cat\/alimentaciometropolitana\/?p=1320"},"modified":"2025-07-08T15:48:04","modified_gmt":"2025-07-08T13:48:04","slug":"jornada-patt-sobre-mercats-de-pages-proper-dijous-29-de-maig","status":"publish","type":"post","link":"https:\/\/blogs.amb.cat\/alimentaciometropolitana\/2025\/05\/21\/jornada-patt-sobre-mercats-de-pages-proper-dijous-29-de-maig\/","title":{"rendered":"Jornada PATT sobre mercats de pag\u00e8s: proper dijous 29 de maig"},"content":{"rendered":"\n<p>Els mercats de pag\u00e8s s\u00f3n una eina imprescindible per a fer front a dos reptes essencials contemplats a l\u2019<a href=\"https:\/\/agricultura.gencat.cat\/ca\/ambits\/alimentacio\/estrategia-alimentaria\/\" target=\"_blank\" rel=\"noreferrer noopener\">Estrat\u00e8gia Aliment\u00e0ria de Catalunya 2024-2028<\/a>: crear i mantenir vincles ferms entre el camp i la ciutat i entre les persones productores i consumidores, i promoure la venda directa de la pagesia familiar i de petita i mitjana escala. <\/p>\n\n\n\n<p>En aquesta jornada, enmarcada en les jornades del Pla Anual de Transfer\u00e8ncia Tecnol\u00f2gica (<a rel=\"noreferrer noopener\" href=\"https:\/\/ruralcat.gencat.cat\/web\/guest\/formacio-i-transferencia\/jornades\" target=\"_blank\">PATT<\/a>) i organitzada per l&#8217;Oficina Conjunta de l\u2019Alimentaci\u00f3 Sostenible (<a rel=\"noreferrer noopener\" href=\"https:\/\/agricultura.gencat.cat\/ca\/ambits\/alimentacio\/estrategia-alimentaria\/oficina-conjunta-alimentacio-sostenible\/\" target=\"_blank\">OCAS<\/a>), es far\u00e0 un rep\u00e0s al marc jur\u00eddic europeu, estatal i catal\u00e0 relatiu als mercats de pag\u00e8s, coneixerem de primera m\u00e0 experi\u00e8ncies referents d\u2019arreu, i es proposar\u00e0 un debat sobre quins models poden esdevenir m\u00e9s beneficiosos per al conjunt de la societat al nostre territori.<\/p>\n\n\n\n<p>La jornada tindr\u00e0 lloc el proper <strong>dijous 29 de maig<\/strong> a partir de les 9.30 h a la <strong>Casa de l&#8217;Aigua <\/strong>de Trinitat Nova (<a rel=\"noreferrer noopener\" href=\"https:\/\/maps.app.goo.gl\/BjTLpNSf8PVFNcK3A\" target=\"_blank\">carrer Garb\u00ed 2, Barcelona<\/a>), un conjunt patrimonial d&#8217;estil modernista de tipus industrial contru\u00eft entre 1915 i 1919.<\/p>\n\n\n\n<p><strong><a href=\"https:\/\/ruralcat.gencat.cat\/c\/document_library\/get_file?uuid=f690e060-c830-088a-ab50-53c492fc498a&amp;groupId=20181\" target=\"_blank\" rel=\"noreferrer noopener\">Programa <\/a><\/strong><\/p>\n\n\n\n<p><strong>9.30 h Els mercats de pag\u00e8s i la venda directa: una eina imprescindible per revalorar i connectar la pagesia als entorns urbans<\/strong>. Joan G\u00f2dia. Director general d\u2019Empreses Agroaliment\u00e0ries, Qualitat i Gastronomia del DARPA <\/p>\n\n\n\n<p><strong>10.00 h La venda directa en mercats de pag\u00e8s com a instrument de promoci\u00f3 de les explotacions agr\u00e0ries familiars i de petita i mitjana escala<\/strong>. Carmelo Troccoli. Director General de la World Farmers Market Coalition. <a rel=\"noreferrer noopener\" href=\"https:\/\/eu-central-1.protection.sophos.com\/?d=gencat.cat&amp;u=aHR0cHM6Ly9ydXJhbGNhdC5nZW5jYXQuY2F0L2MvZG9jdW1lbnRfbGlicmFyeS9nZXRfZmlsZT91dWlkPWMxZTNhNDJkLWMxZDItN2JkYy1hM2NkLTYzZjU0NjJkNmM0MyZncm91cElkPTIwMTgx&amp;p=m&amp;i=NjQ1YjY2MjhjOTNlZjIyNTgzOTQ2OGZk&amp;t=c3BiQjJxc1RIZjI3aE9EOXo4SWFqd3VJSjBsK1c0eW9tendBZmthaGUzYz0=&amp;h=51f13a7e659448f2aa340e8fee55fbd9&amp;s=AVNPUEhUT0NFTkNSWVBUSVZe0OMqHhgm2ks5dJkDQ8qK0ByQpyXU5jTGdyQgLY2Shw\" target=\"_blank\">Link a la pon\u00e8ncia<\/a><\/p>\n\n\n\n<p><strong>10.30 h Marc jur\u00eddic dels mercats de Pag\u00e8s a nivell catal\u00e0 i estatal<\/strong>.  Pau Garcia. Advocat especialitzat en Dret administratiu i Dret agroalimentari. <a href=\"https:\/\/eu-central-1.protection.sophos.com\/?d=gencat.cat&amp;u=aHR0cHM6Ly9ydXJhbGNhdC5nZW5jYXQuY2F0L2MvZG9jdW1lbnRfbGlicmFyeS9nZXRfZmlsZT91dWlkPTIzNjRmMjM2LTllZjgtYzkyOC0yNzM5LTAyNDJmN2Q1ZTI5MSZncm91cElkPTIwMTgx&amp;p=m&amp;i=NjQ1YjY2MjhjOTNlZjIyNTgzOTQ2OGZk&amp;t=NkN2NG9DeDVvWXpFVnp5THdKaWpGZkhzNDhQd2Y4UXZkTDJrdkxCbjl2UT0=&amp;h=51f13a7e659448f2aa340e8fee55fbd9&amp;s=AVNPUEhUT0NFTkNSWVBUSVZe0OMqHhgm2ks5dJkDQ8qK0ByQpyXU5jTGdyQgLY2Shw\" target=\"_blank\" rel=\"noreferrer noopener\">Link a la pon\u00e8ncia<\/a><\/p>\n\n\n\n<p class=\"has-cyan-bluish-gray-color has-text-color\"><strong>11.00 h Pausa caf\u00e8 <\/strong><\/p>\n\n\n\n<p><strong>11.30 h Taula d\u2019experi\u00e8ncies: models de gesti\u00f3 i aspectes essencials dels mercats de pag\u00e8s<\/strong>. Moderada per: Uni\u00f3 de Pagesos. <\/p>\n\n\n\n<p class=\"has-text-color\" style=\"color:#393c3f\">\u00b7 S\u00edlvia L\u00f3pez. Ajuntament de Gav\u00e0. <a href=\"https:\/\/eu-central-1.protection.sophos.com\/?d=gencat.cat&amp;u=aHR0cHM6Ly9ydXJhbGNhdC5nZW5jYXQuY2F0L2MvZG9jdW1lbnRfbGlicmFyeS9nZXRfZmlsZT91dWlkPWI1ZWI3ZDc5LTYzNjgtN2VjMi0zZGFkLTk3ZjU5OGIxYTQzMCZncm91cElkPTIwMTgx&amp;p=m&amp;i=NjQ1YjY2MjhjOTNlZjIyNTgzOTQ2OGZk&amp;t=dTV0QktVWndkMU1VN3MwQzNPN1JGcTRMMm85SCs1NURLV0k2aVVyaGVxTT0=&amp;h=51f13a7e659448f2aa340e8fee55fbd9&amp;s=AVNPUEhUT0NFTkNSWVBUSVZe0OMqHhgm2ks5dJkDQ8qK0ByQpyXU5jTGdyQgLY2Shw\" target=\"_blank\" rel=\"noreferrer noopener\">Link a la pon\u00e8ncia.<\/a><\/p>\n\n\n\n<p class=\"has-text-color\" style=\"color:#393c3f\">\u00b7 Chiara Bombardi. Coordinadora de Mercats de pag\u00e8s de Barcelona. <a href=\"https:\/\/eu-central-1.protection.sophos.com\/?d=gencat.cat&amp;u=aHR0cHM6Ly9ydXJhbGNhdC5nZW5jYXQuY2F0L2MvZG9jdW1lbnRfbGlicmFyeS9nZXRfZmlsZT91dWlkPTM0YTk5NDc0LTM1NGUtMDA1Ny02NDBmLTg4Y2IxODY3NjY5YSZncm91cElkPTIwMTgx&amp;p=m&amp;i=NjQ1YjY2MjhjOTNlZjIyNTgzOTQ2OGZk&amp;t=Mmk0K1RwV29rdVBwQ1lBOW9OZ1Z6b3RnKzdLYitlSG1aU29HOVcwOEN4UT0=&amp;h=51f13a7e659448f2aa340e8fee55fbd9&amp;s=AVNPUEhUT0NFTkNSWVBUSVZe0OMqHhgm2ks5dJkDQ8qK0ByQpyXU5jTGdyQgLY2Shw\" target=\"_blank\" rel=\"noreferrer noopener\">Link a la pon\u00e8ncia<\/a>.<\/p>\n\n\n\n<p class=\"has-text-color\" style=\"color:#393c3f\">\u00b7 Miriam Hern\u00e1ndez. Mercado del agricultor de Tacoronte (Tenerife). <a href=\"https:\/\/eu-central-1.protection.sophos.com\/?d=gencat.cat&amp;u=aHR0cHM6Ly9ydXJhbGNhdC5nZW5jYXQuY2F0L2MvZG9jdW1lbnRfbGlicmFyeS9nZXRfZmlsZT91dWlkPWMwYmRlMmExLWZkODUtMWRjYi1hYWI5LWU1ZGJiZGFkYThmNyZncm91cElkPTIwMTgx&amp;p=m&amp;i=NjQ1YjY2MjhjOTNlZjIyNTgzOTQ2OGZk&amp;t=UTAvQ2J5a2NVQ0pxYzc2RFBBRnZxb25rSWRBdXJHeHVqeDA1RGgxTDJvST0=&amp;h=51f13a7e659448f2aa340e8fee55fbd9&amp;s=AVNPUEhUT0NFTkNSWVBUSVZe0OMqHhgm2ks5dJkDQ8qK0ByQpyXU5jTGdyQgLY2Shw\" target=\"_blank\" rel=\"noreferrer noopener\">Link a la pon\u00e8ncia<\/a>. <\/p>\n\n\n\n<p class=\"has-text-color\" style=\"color:#393c3f\">\u00b7 Viola Capriola. Gr\u00f8nt Marked (Copenhague). <a href=\"https:\/\/eu-central-1.protection.sophos.com\/?d=gencat.cat&amp;u=aHR0cHM6Ly9ydXJhbGNhdC5nZW5jYXQuY2F0L2MvZG9jdW1lbnRfbGlicmFyeS9nZXRfZmlsZT91dWlkPWExYmU4MWE5LTc3MGQtYTNkMi00MzY2LWY0N2U2YTI4NGEzYyZncm91cElkPTIwMTgx&amp;p=m&amp;i=NjQ1YjY2MjhjOTNlZjIyNTgzOTQ2OGZk&amp;t=eU1VZjluY3krSmFxRlBqQ0l3WTQ0RGtQWTlhRXFIOTgvclplV3c5ZlZLND0=&amp;h=51f13a7e659448f2aa340e8fee55fbd9&amp;s=AVNPUEhUT0NFTkNSWVBUSVZe0OMqHhgm2ks5dJkDQ8qK0ByQpyXU5jTGdyQgLY2Shw\" target=\"_blank\" rel=\"noreferrer noopener\">Link a la pon\u00e8ncia<\/a>. <\/p>\n\n\n\n<p class=\"has-text-color\" style=\"color:#393c3f\">\u00b7 Irene Facchetti. Campagna Amica (Milano). <a href=\"https:\/\/eu-central-1.protection.sophos.com\/?d=gencat.cat&amp;u=aHR0cHM6Ly9ydXJhbGNhdC5nZW5jYXQuY2F0L2MvZG9jdW1lbnRfbGlicmFyeS9nZXRfZmlsZT91dWlkPTUzNDA2OWZmLWM2NzMtMjFiYy04ZDhiLWE2NTk5MTE3MmFjMiZncm91cElkPTIwMTgx&amp;p=m&amp;i=NjQ1YjY2MjhjOTNlZjIyNTgzOTQ2OGZk&amp;t=eXUzYUpwQTNreEVhWHYwSnVqRktyNUV5V0QwdElwcGFXUEYwR1lBUUloOD0=&amp;h=51f13a7e659448f2aa340e8fee55fbd9&amp;s=AVNPUEhUT0NFTkNSWVBUSVZe0OMqHhgm2ks5dJkDQ8qK0ByQpyXU5jTGdyQgLY2Shw\" target=\"_blank\" rel=\"noreferrer noopener\">Link a la pon\u00e8ncia<\/a>. <\/p>\n\n\n\n<p><strong>13.15 h Torn obert de preguntes<\/strong> <\/p>\n\n\n\n<p><strong>13.35 h Cloenda de la jornada <\/strong><\/p>\n\n\n\n<p class=\"has-cyan-bluish-gray-color has-text-color\"><strong>14.00 h Dinar<\/strong><\/p>\n\n\n\n<p>Per assistir-hi, caldr\u00e0 inscriure\u2019s en el&nbsp;<a href=\"https:\/\/ruralcat.gencat.cat\/web\/guest\/transferencia\/preinscripcio-jornada-tecnica?p_auth=hNDH2P5N&amp;p_p_id=com_adasasistemas_JornadesPattAdministracio_JornadesPATTAdministracioPortlet_INSTANCE_SkLIvq9VZSY5&amp;p_p_lifecycle=0&amp;p_p_state=normal&amp;p_p_mode=view&amp;p_p_col_id=column-1&amp;p_p_col_pos=1&amp;p_p_col_count=2&amp;_com_adasasistemas_JornadesPattAdministracio_JornadesPATTAdministracioPortlet_INSTANCE_SkLIvq9VZSY5_tipusJornadaClicat=1&amp;_com_adasasistemas_JornadesPattAdministracio_JornadesPATTAdministracioPortlet_INSTANCE_SkLIvq9VZSY5_idJornada=18412321&amp;_com_adasasistemas_JornadesPattAdministracio_JornadesPATTAdministracioPortlet_INSTANCE_SkLIvq9VZSY5_cmd=subscribeJornada\" target=\"_blank\" rel=\"noreferrer noopener\">seg\u00fcent enlla\u00e7<\/a><a rel=\"noreferrer noopener\" href=\"https:\/\/www.amb.cat\/ca\/web\/amb\/agenda\/pla-alimentacio\" target=\"_blank\">.<\/a><\/p>\n\n\n\n<p><\/p>\n","protected":false},"excerpt":{"rendered":"<p>Els mercats de pag\u00e8s s\u00f3n una eina imprescindible per a fer front a dos reptes essencials contemplats a l\u2019Estrat\u00e8gia Aliment\u00e0ria de Catalunya 2024-2028: crear i mantenir vincles ferms entre el camp i la ciutat i entre les persones productores i consumidores, i promoure la venda directa de la pagesia familiar i de petita i mitjana [&hellip;]<\/p>\n","protected":false},"author":49,"featured_media":1321,"comment_status":"closed","ping_status":"open","sticky":false,"template":"","format":"standard","meta":{"_oasis_is_in_workflow":0,"_oasis_original":0,"ngg_post_thumbnail":0},"categories":[186,185,1],"tags":[],"_links":{"self":[{"href":"https:\/\/blogs.amb.cat\/alimentaciometropolitana\/wp-json\/wp\/v2\/posts\/1320"}],"collection":[{"href":"https:\/\/blogs.amb.cat\/alimentaciometropolitana\/wp-json\/wp\/v2\/posts"}],"about":[{"href":"https:\/\/blogs.amb.cat\/alimentaciometropolitana\/wp-json\/wp\/v2\/types\/post"}],"author":[{"embeddable":true,"href":"https:\/\/blogs.amb.cat\/alimentaciometropolitana\/wp-json\/wp\/v2\/users\/49"}],"replies":[{"embeddable":true,"href":"https:\/\/blogs.amb.cat\/alimentaciometropolitana\/wp-json\/wp\/v2\/comments?post=1320"}],"version-history":[{"count":6,"href":"https:\/\/blogs.amb.cat\/alimentaciometropolitana\/wp-json\/wp\/v2\/posts\/1320\/revisions"}],"predecessor-version":[{"id":1380,"href":"https:\/\/blogs.amb.cat\/alimentaciometropolitana\/wp-json\/wp\/v2\/posts\/1320\/revisions\/1380"}],"wp:featuredmedia":[{"embeddable":true,"href":"https:\/\/blogs.amb.cat\/alimentaciometropolitana\/wp-json\/wp\/v2\/media\/1321"}],"wp:attachment":[{"href":"https:\/\/blogs.amb.cat\/alimentaciometropolitana\/wp-json\/wp\/v2\/media?parent=1320"}],"wp:term":[{"taxonomy":"category","embeddable":true,"href":"https:\/\/blogs.amb.cat\/alimentaciometropolitana\/wp-json\/wp\/v2\/categories?post=1320"},{"taxonomy":"post_tag","embeddable":true,"href":"https:\/\/blogs.amb.cat\/alimentaciometropolitana\/wp-json\/wp\/v2\/tags?post=1320"}],"curies":[{"name":"wp","href":"https:\/\/api.w.org\/{rel}","templated":true}]}}