
 







{"id":135,"date":"2021-06-03T16:06:54","date_gmt":"2021-06-03T14:06:54","guid":{"rendered":"https:\/\/blogs.amb.cat\/alimentaciometropolitana\/?p=135"},"modified":"2021-06-03T16:06:54","modified_gmt":"2021-06-03T14:06:54","slug":"alimentacio-i-creativitat-salien-a-innofood","status":"publish","type":"post","link":"https:\/\/blogs.amb.cat\/alimentaciometropolitana\/2021\/06\/03\/alimentacio-i-creativitat-salien-a-innofood\/","title":{"rendered":"Alimentaci\u00f3 i creativitat s\u2019alien a INNOFOOD"},"content":{"rendered":"\n<p class=\"has-medium-font-size\">Tercera edici\u00f3 d\u2019un programa per a emprenedor<\/p>\n\n\n\n<p>Si us interessen l\u2019alimentaci\u00f3 i la innovaci\u00f3 no us podeu perdre la tercera edici\u00f3 d\u2019INNOFOOD, impulsat per Mercabarna i Barcelona Activa. Es tracta d\u2019un programa de suport per a la creaci\u00f3 d\u2019empreses innovadores que millorin qualsevol aspecte de la cadena aliment\u00e0ria.<\/p>\n\n\n\n<p>Com que enguany Barcelona \u00e9s la Capital Mundial de l\u2019Alimentaci\u00f3 sostenible, es prioritzaran els projectes que promoguin sistemes agroalimentaris sostenibles, inclusius, resilients, segurs i diversificats, que minvin el malbaratament alimentari, preservin la biodiversitat i, alhora, redueixin els efectes de la crisi clim\u00e0tica.<\/p>\n\n\n\n<p>Si teniu un projecte innovador dins de l\u2019\u00e0mbit de l\u2019alimentaci\u00f3 i voleu ser a INNOFOOD, podeu inscriviu-vos-hi abans del 30 de juny. Participar-hi t\u00e9 un cost de 4.500 euros, que en gran part cobriran les entitats promotores amb aportacions, de manera que els i les emprenedores acabaran pagant 300 euros.<\/p>\n\n\n\n<p><a href=\"https:\/\/emprenedoria.barcelonactiva.cat\/emprenedoria\/cat\/edit.do?codiIdioma=1&amp;id=1068093\" target=\"_blank\" rel=\"noreferrer noopener\">:: Inscripci\u00f3 a la tercera edici\u00f3 d\u2019INNOFOOD ::<\/a><\/p>\n","protected":false},"excerpt":{"rendered":"<p>Tercera edici\u00f3 d\u2019un programa per a emprenedor Si us interessen l\u2019alimentaci\u00f3 i la innovaci\u00f3 no us podeu perdre la tercera edici\u00f3 d\u2019INNOFOOD, impulsat per Mercabarna i Barcelona Activa. Es tracta d\u2019un programa de suport per a la creaci\u00f3 d\u2019empreses innovadores que millorin qualsevol aspecte de la cadena aliment\u00e0ria. Com que enguany Barcelona \u00e9s la Capital [&hellip;]<\/p>\n","protected":false},"author":38,"featured_media":136,"comment_status":"closed","ping_status":"open","sticky":false,"template":"","format":"standard","meta":{"_oasis_is_in_workflow":0,"_oasis_original":0,"ngg_post_thumbnail":0},"categories":[1],"tags":[54,55],"_links":{"self":[{"href":"https:\/\/blogs.amb.cat\/alimentaciometropolitana\/wp-json\/wp\/v2\/posts\/135"}],"collection":[{"href":"https:\/\/blogs.amb.cat\/alimentaciometropolitana\/wp-json\/wp\/v2\/posts"}],"about":[{"href":"https:\/\/blogs.amb.cat\/alimentaciometropolitana\/wp-json\/wp\/v2\/types\/post"}],"author":[{"embeddable":true,"href":"https:\/\/blogs.amb.cat\/alimentaciometropolitana\/wp-json\/wp\/v2\/users\/38"}],"replies":[{"embeddable":true,"href":"https:\/\/blogs.amb.cat\/alimentaciometropolitana\/wp-json\/wp\/v2\/comments?post=135"}],"version-history":[{"count":1,"href":"https:\/\/blogs.amb.cat\/alimentaciometropolitana\/wp-json\/wp\/v2\/posts\/135\/revisions"}],"predecessor-version":[{"id":137,"href":"https:\/\/blogs.amb.cat\/alimentaciometropolitana\/wp-json\/wp\/v2\/posts\/135\/revisions\/137"}],"wp:featuredmedia":[{"embeddable":true,"href":"https:\/\/blogs.amb.cat\/alimentaciometropolitana\/wp-json\/wp\/v2\/media\/136"}],"wp:attachment":[{"href":"https:\/\/blogs.amb.cat\/alimentaciometropolitana\/wp-json\/wp\/v2\/media?parent=135"}],"wp:term":[{"taxonomy":"category","embeddable":true,"href":"https:\/\/blogs.amb.cat\/alimentaciometropolitana\/wp-json\/wp\/v2\/categories?post=135"},{"taxonomy":"post_tag","embeddable":true,"href":"https:\/\/blogs.amb.cat\/alimentaciometropolitana\/wp-json\/wp\/v2\/tags?post=135"}],"curies":[{"name":"wp","href":"https:\/\/api.w.org\/{rel}","templated":true}]}}