
 







{"id":1364,"date":"2025-06-30T15:42:00","date_gmt":"2025-06-30T13:42:00","guid":{"rendered":"https:\/\/blogs.amb.cat\/alimentaciometropolitana\/?p=1364"},"modified":"2025-07-09T10:45:52","modified_gmt":"2025-07-09T08:45:52","slug":"oberta-la-4a-convocatoria-del-contracte-agrari-de-collserola-fins-el-18-de-juliol","status":"publish","type":"post","link":"https:\/\/blogs.amb.cat\/alimentaciometropolitana\/2025\/06\/30\/oberta-la-4a-convocatoria-del-contracte-agrari-de-collserola-fins-el-18-de-juliol\/","title":{"rendered":"Oberta la 4a convocat\u00f2ria del Contracte Agrari de Collserola fins el 18 de juliol"},"content":{"rendered":"\n<p>El Parc Natural de la Serra de Collserola ha obert una nova edici\u00f3 del <strong>Contracte Agrari de Collserola (CAC)<\/strong>, una convocat\u00f2ria de subvencions que busca donar suport a la petita i mitjana pagesia que desenvolupa la seva activitat dins els l\u00edmits del Parc. Amb aquesta ja en s\u00f3n quatre les edicions d\u2019un instrument que, any rere any, consolida la seva aposta per una agricultura activa, sostenible i arrelada al territori.<\/p>\n\n\n\n<p>La convocat\u00f2ria d\u2019enguany, com la darrera edici\u00f3, compta amb un pressupost total de <strong>90.000\u202f\u20ac<\/strong>, i es podran concedir ajuts de fins a <strong>6.000\u202f\u20ac per explotaci\u00f3<\/strong>. La convocat\u00f2ria contempla 33 actuacions subvencionables, que\u00a0es classifiquen en les tres categories d\u2019altres anys:\u00a0<strong>els serveis ecosist\u00e8mics<\/strong>,\u00a0<strong>l\u2019impacte sociolaboral<\/strong>\u00a0i\u00a0<strong>les millores en la infraestructura agr\u00e0ria<\/strong>. \u00a0<\/p>\n\n\n\n<p>El termini per presentar sol\u00b7licituds \u00e9s de <strong>20 dies h\u00e0bils<\/strong> des de l\u2019endem\u00e0 de la publicaci\u00f3 al BOPB (19 de juny del 2025).<\/p>\n\n\n\n<h3>Una eina per fer valdre el paper de la pagesia<\/h3>\n\n\n\n<p>El CAC neix amb la voluntat de recon\u00e8ixer el paper essencial que t\u00e9 la pagesia en la conservaci\u00f3 dels valors ambientals i paisatg\u00edstics de Collserola. M\u00e9s enll\u00e0 de la producci\u00f3 d\u2019aliments, les activitats agr\u00e0ries contribueixen al manteniment del mosaic agroforestal, la biodiversitat, la prevenci\u00f3 d\u2019incendis i la qualitat paisatg\u00edstica. En definitiva, generen <strong>serveis ecosist\u00e8mics<\/strong> que beneficien el conjunt de la societat.<\/p>\n\n\n\n<p>Per aquest motiu, el Contracte Agrari no nom\u00e9s premia la continu\u00eftat de l\u2019activitat agr\u00e0ria, sin\u00f3 tamb\u00e9 la implementaci\u00f3 de <strong>bones pr\u00e0ctiques agroecol\u00f2giques<\/strong>, la gesti\u00f3 sostenible dels recursos i la recuperaci\u00f3 de varietats i sabers locals.<\/p>\n\n\n\n<p>\u00c9s una eina desenvolupada de forma participativa entre pagesia, administracions p\u00fabliques i agents acad\u00e8mics en el marc del programa\u00a0<a href=\"https:\/\/parcnaturalcollserola.cat\/linies-de-gestio\/medi-natural\/pla-agropecuari\/alimentem-collserola\/\" target=\"_blank\" rel=\"noreferrer noopener\">Alimentem Collserola<\/a>, dins l\u2019estrat\u00e8gia de la Promoci\u00f3 de la Transici\u00f3 Agroecol\u00f2gica impulsada pel Consorci del Parc Natural de la Serra de Collserola.<\/p>\n\n\n\n<h3>Qui s\u2019hi pot presentar?<\/h3>\n\n\n\n<p>La convocat\u00f2ria s\u2019adre\u00e7a a <strong>persones o entitats que desenvolupin activitat agr\u00e0ria dins l\u2019\u00e0mbit del Parc Natural<\/strong>, incloent-hi persones f\u00edsiques, jur\u00eddiques, agrupacions, comunitats de b\u00e9ns o altres formes d\u2019unitat econ\u00f2mica, encara que no tinguin personalitat jur\u00eddica pr\u00f2pia.<\/p>\n\n\n\n<h3>Quines actuacions es poden subvencionar?<\/h3>\n\n\n\n<p>Entre les actuacions que es poden acollir al Contracte Agrari, destaquen:<\/p>\n\n\n\n<ul><li>Recuperaci\u00f3 i gesti\u00f3 de camps abandonats.<\/li><li>Manteniment de camins, marges i tancats.<\/li><li>Pastura amb ramats per al control de la vegetaci\u00f3.<\/li><li>Conservaci\u00f3 de varietats locals i races aut\u00f2ctones.<\/li><li>Pr\u00e0ctiques de gesti\u00f3 ecol\u00f2gica i estalvi d\u2019aigua.<\/li><\/ul>\n\n\n\n<p>Aquestes accions contribueixen a una Collserola m\u00e9s viva, resilient i compromesa amb el seu entorn natural i social.<\/p>\n\n\n\n<h3>M\u00e9s informaci\u00f3 i tramitaci\u00f3<\/h3>\n\n\n\n<p>Les bases completes de la convocat\u00f2ria es poden consultar a la seu electr\u00f2nica del <a rel=\"noreferrer noopener\" href=\"https:\/\/parcnaturalcollserola.cat\/linies-de-gestio\/medi-natural\/pla-agropecuari\/alimentem-collserola\/2025-convocatoria-contracte-agrari-collserola-cac\/\" target=\"_blank\">Parc Natural de la Serra de Collserola<\/a> i a la <strong>Base de Dades Nacional de Subvencions<\/strong> <a class=\"\" href=\"https:\/\/www.infosubvenciones.es\/bdnstrans\/GE\/es\/convocatoria\/839891\">BDNS 839891<\/a>. Les sol\u00b7licituds es poden presentar fins al 18 de juliol.<\/p>\n\n\n\n<p>Tamb\u00e9 pots seguir el projecte a trav\u00e9s de la p\u00e0gina oficial d\u2019<strong><a class=\"\" href=\"https:\/\/parcnaturalcollserola.cat\/linies-de-gestio\/medi-natural\/pla-agropecuari\/alimentem-collserola\/\">Alimentem Collserola<\/a><\/strong>.<\/p>\n\n\n\n<hr class=\"wp-block-separator\" \/>\n\n\n\n<p><\/p>\n","protected":false},"excerpt":{"rendered":"<p>El Parc Natural de la Serra de Collserola ha obert una nova edici\u00f3 del Contracte Agrari de Collserola (CAC), una convocat\u00f2ria de subvencions que busca donar suport a la petita i mitjana pagesia que desenvolupa la seva activitat dins els l\u00edmits del Parc. Amb aquesta ja en s\u00f3n quatre les edicions d\u2019un instrument que, any [&hellip;]<\/p>\n","protected":false},"author":49,"featured_media":1367,"comment_status":"closed","ping_status":"open","sticky":false,"template":"","format":"standard","meta":{"_oasis_is_in_workflow":0,"_oasis_original":0,"ngg_post_thumbnail":0},"categories":[1],"tags":[],"_links":{"self":[{"href":"https:\/\/blogs.amb.cat\/alimentaciometropolitana\/wp-json\/wp\/v2\/posts\/1364"}],"collection":[{"href":"https:\/\/blogs.amb.cat\/alimentaciometropolitana\/wp-json\/wp\/v2\/posts"}],"about":[{"href":"https:\/\/blogs.amb.cat\/alimentaciometropolitana\/wp-json\/wp\/v2\/types\/post"}],"author":[{"embeddable":true,"href":"https:\/\/blogs.amb.cat\/alimentaciometropolitana\/wp-json\/wp\/v2\/users\/49"}],"replies":[{"embeddable":true,"href":"https:\/\/blogs.amb.cat\/alimentaciometropolitana\/wp-json\/wp\/v2\/comments?post=1364"}],"version-history":[{"count":5,"href":"https:\/\/blogs.amb.cat\/alimentaciometropolitana\/wp-json\/wp\/v2\/posts\/1364\/revisions"}],"predecessor-version":[{"id":1385,"href":"https:\/\/blogs.amb.cat\/alimentaciometropolitana\/wp-json\/wp\/v2\/posts\/1364\/revisions\/1385"}],"wp:featuredmedia":[{"embeddable":true,"href":"https:\/\/blogs.amb.cat\/alimentaciometropolitana\/wp-json\/wp\/v2\/media\/1367"}],"wp:attachment":[{"href":"https:\/\/blogs.amb.cat\/alimentaciometropolitana\/wp-json\/wp\/v2\/media?parent=1364"}],"wp:term":[{"taxonomy":"category","embeddable":true,"href":"https:\/\/blogs.amb.cat\/alimentaciometropolitana\/wp-json\/wp\/v2\/categories?post=1364"},{"taxonomy":"post_tag","embeddable":true,"href":"https:\/\/blogs.amb.cat\/alimentaciometropolitana\/wp-json\/wp\/v2\/tags?post=1364"}],"curies":[{"name":"wp","href":"https:\/\/api.w.org\/{rel}","templated":true}]}}