
 







{"id":1369,"date":"2025-07-01T11:52:00","date_gmt":"2025-07-01T09:52:00","guid":{"rendered":"https:\/\/blogs.amb.cat\/alimentaciometropolitana\/?p=1369"},"modified":"2025-07-02T10:01:29","modified_gmt":"2025-07-02T08:01:29","slug":"convocatoria-oberta-fins-el-18-de-juliol-subvencions-per-a-entitats-associatives-del-sector-agroalimentari-mapa","status":"publish","type":"post","link":"https:\/\/blogs.amb.cat\/alimentaciometropolitana\/2025\/07\/01\/convocatoria-oberta-fins-el-18-de-juliol-subvencions-per-a-entitats-associatives-del-sector-agroalimentari-mapa\/","title":{"rendered":"Convocat\u00f2ria oberta fins al 18 de juliol: subvencions per a entitats associatives del sector agroalimentari (MAPA)"},"content":{"rendered":"\n<p>El <strong>Ministeri d\u2019Agricultura, Pesca i Alimentaci\u00f3 (MAPA)<\/strong> ha publicat recentment la convocat\u00f2ria de subvencions destinades a la realitzaci\u00f3 d\u2019activitats espec\u00edfiques d\u2019especial inter\u00e8s per al sector agroalimentari espanyol. L\u2019anunci es va publicar al <em>Butllet\u00ed Oficial de l&#8217;Estat<\/em> (BOE) el 28 de juny del 2025.<\/p>\n\n\n\n<p>La dotaci\u00f3 total d\u2019aquesta convocat\u00f2ria \u00e9s de <strong>875.750 euros<\/strong>, xifra que suposa un increment del 60 % respecte a convocat\u00f2ries anteriors. Aquestes ajudes tenen com a objectiu <strong>enfortir el teixit associatiu del sector agroalimentari<\/strong> a trav\u00e9s del suport a projectes amb incid\u00e8ncia institucional, tant a escala estatal com europea.<\/p>\n\n\n\n<h3>Objectius de la convocat\u00f2ria<\/h3>\n\n\n\n<p>Les subvencions estan destinades a finan\u00e7ar despeses relacionades amb:<\/p>\n\n\n\n<ul><li>Activitats de representaci\u00f3 institucional davant de l\u2019Administraci\u00f3 General de l\u2019Estat i participaci\u00f3 en els seus \u00f2rgans col\u00b7legiats.<\/li><li>Activitats de representaci\u00f3 i participaci\u00f3 activa en institucions i xarxes europees relacionades amb l\u2019agricultura i l\u2019alimentaci\u00f3.<\/li><li>La realitzaci\u00f3 d\u2019accions espec\u00edfiques d\u2019inter\u00e8s per al sector agroalimentari, com ara campanyes informatives, jornades, congressos, estudis o iniciatives de promoci\u00f3 i defensa dels interessos col\u00b7lectius.<\/li><\/ul>\n\n\n\n<h3>Entitats benefici\u00e0ries<\/h3>\n\n\n\n<p>Poden optar a aquestes ajudes:<\/p>\n\n\n\n<ul><li><strong>Entitats associatives agroaliment\u00e0ries<\/strong> d\u2019\u00e0mbit estatal i amb car\u00e0cter representatiu.<\/li><li><strong>Consells reguladors<\/strong> i <strong>comunitats de regants<\/strong> d\u2019\u00e0mbit territorial supraauton\u00f2mic.<\/li><li>Les <strong>organitzacions professionals agr\u00e0ries<\/strong> reconegudes com a m\u00e9s representatives pel Ministeri nom\u00e9s podran sol\u00b7licitar ajuts per a la realitzaci\u00f3 d\u2019activitats espec\u00edfiques d&#8217;inter\u00e8s per al sector agroalimentari.<\/li><\/ul>\n\n\n\n<h3>Terminis i execuci\u00f3<\/h3>\n\n\n\n<p>El <strong>termini de presentaci\u00f3 de sol\u00b7licituds<\/strong> est\u00e0 obert des del <strong>30 de juny<\/strong> fins al <strong>18 de juliol del 2025<\/strong>, tots dos inclosos. Els projectes subvencionats s\u2019han de dur a terme dins de l\u2019exercici 2025 i es podran justificar despeses realitzades <strong>des de dos mesos abans de la convocat\u00f2ria<\/strong> fins al <strong>20 de novembre del 2025<\/strong>.<\/p>\n\n\n\n<p>La tramitaci\u00f3 es fa exclusivament de manera electr\u00f2nica, a trav\u00e9s de la seu electr\u00f2nica del MAPA, i cal aportar la mem\u00f2ria de l\u2019activitat, el pressupost desglossat i la documentaci\u00f3 acreditativa requerida.<\/p>\n\n\n\n<h3>M\u00e9s informaci\u00f3<\/h3>\n\n\n\n<p>Web <a rel=\"noreferrer noopener\" href=\"https:\/\/sede.mapa.gob.es\/portal\/site\/seMAPA\/ficha-procedimiento?procedure_id=160&amp;procedure_suborg_responsable=73&amp;procedure_etiqueta_pdu=null\" target=\"_blank\">Ministeri d&#8217;Agricultura, Pesca i Alimentaci\u00f3<\/a><\/p>\n\n\n\n<p>Extracte al BOE del 28 de juny del 2025 (<a rel=\"noreferrer noopener\" href=\"https:\/\/www.boe.es\/eli\/es\/o\/2025\/06\/17\/apa649\" target=\"_blank\">Ordre APA\/649\/2025<\/a>).<\/p>\n\n\n\n<p><\/p>\n","protected":false},"excerpt":{"rendered":"<p>El Ministeri d\u2019Agricultura, Pesca i Alimentaci\u00f3 (MAPA) ha publicat recentment la convocat\u00f2ria de subvencions destinades a la realitzaci\u00f3 d\u2019activitats espec\u00edfiques d\u2019especial inter\u00e8s per al sector agroalimentari espanyol. L\u2019anunci es va publicar al Butllet\u00ed Oficial de l&#8217;Estat (BOE) el 28 de juny del 2025. La dotaci\u00f3 total d\u2019aquesta convocat\u00f2ria \u00e9s de 875.750 euros, xifra que suposa [&hellip;]<\/p>\n","protected":false},"author":49,"featured_media":1371,"comment_status":"closed","ping_status":"open","sticky":false,"template":"","format":"standard","meta":{"_oasis_is_in_workflow":0,"_oasis_original":0,"ngg_post_thumbnail":0},"categories":[1],"tags":[],"_links":{"self":[{"href":"https:\/\/blogs.amb.cat\/alimentaciometropolitana\/wp-json\/wp\/v2\/posts\/1369"}],"collection":[{"href":"https:\/\/blogs.amb.cat\/alimentaciometropolitana\/wp-json\/wp\/v2\/posts"}],"about":[{"href":"https:\/\/blogs.amb.cat\/alimentaciometropolitana\/wp-json\/wp\/v2\/types\/post"}],"author":[{"embeddable":true,"href":"https:\/\/blogs.amb.cat\/alimentaciometropolitana\/wp-json\/wp\/v2\/users\/49"}],"replies":[{"embeddable":true,"href":"https:\/\/blogs.amb.cat\/alimentaciometropolitana\/wp-json\/wp\/v2\/comments?post=1369"}],"version-history":[{"count":5,"href":"https:\/\/blogs.amb.cat\/alimentaciometropolitana\/wp-json\/wp\/v2\/posts\/1369\/revisions"}],"predecessor-version":[{"id":1376,"href":"https:\/\/blogs.amb.cat\/alimentaciometropolitana\/wp-json\/wp\/v2\/posts\/1369\/revisions\/1376"}],"wp:featuredmedia":[{"embeddable":true,"href":"https:\/\/blogs.amb.cat\/alimentaciometropolitana\/wp-json\/wp\/v2\/media\/1371"}],"wp:attachment":[{"href":"https:\/\/blogs.amb.cat\/alimentaciometropolitana\/wp-json\/wp\/v2\/media?parent=1369"}],"wp:term":[{"taxonomy":"category","embeddable":true,"href":"https:\/\/blogs.amb.cat\/alimentaciometropolitana\/wp-json\/wp\/v2\/categories?post=1369"},{"taxonomy":"post_tag","embeddable":true,"href":"https:\/\/blogs.amb.cat\/alimentaciometropolitana\/wp-json\/wp\/v2\/tags?post=1369"}],"curies":[{"name":"wp","href":"https:\/\/api.w.org\/{rel}","templated":true}]}}