
 







{"id":1391,"date":"2025-07-15T15:59:31","date_gmt":"2025-07-15T13:59:31","guid":{"rendered":"https:\/\/blogs.amb.cat\/alimentaciometropolitana\/?p=1391"},"modified":"2025-07-15T16:00:15","modified_gmt":"2025-07-15T14:00:15","slug":"programa-alimentem-collserola-balanc-dels-darrers-8-anys-i-inici-del-3r-cicle","status":"publish","type":"post","link":"https:\/\/blogs.amb.cat\/alimentaciometropolitana\/2025\/07\/15\/programa-alimentem-collserola-balanc-dels-darrers-8-anys-i-inici-del-3r-cicle\/","title":{"rendered":"Programa Alimentem Collserola:                balan\u00e7 dels darrers 8 anys i inici del 3r cicle"},"content":{"rendered":"\n<p>El <strong>Programa <a href=\"https:\/\/parcnaturalcollserola.cat\/linies-de-gestio\/medi-natural\/pla-agropecuari\/alimentem-collserola\/\" target=\"_blank\" rel=\"noreferrer noopener\">Alimentem Collserola! Promoci\u00f3 de la Transici\u00f3 Agroecol\u00f2gica a Collserola<\/a><\/strong> arriba al final del seu segon cicle (2016-2024) consolidant-se com una estrat\u00e8gia de refer\u00e8ncia en la transici\u00f3 agroecol\u00f2gica metropolitana. Impulsat pel <strong>Consorci del Parc Natural de la Serra de Collserola<\/strong> i diversos municipis, aix\u00ed com amb la implicaci\u00f3 de diverses entitats i agents del territori, el programa ha treballat per enfortir l\u2019activitat agr\u00e0ria local, preservar el paisatge agroforestal i fomentar una alimentaci\u00f3 sostenible i de proximitat dins l\u2019\u00e0mbit metropolit\u00e0 de Barcelona.<\/p>\n\n\n\n<h3><strong>8 anys de transici\u00f3 agroecol\u00f2gic<\/strong>a al Parc natural<\/h3>\n\n\n\n<p>El Consorci del Parc Natural de la Serra de Collserola ha publicat recentment la Mem\u00f2ria d\u2019activitats dels dos cicles d\u2019intervenci\u00f3 (2016-2021 i 2021-2024) del programa&nbsp;<a href=\"https:\/\/parcnaturalcollserola.cat\/linies-de-gestio\/medi-natural\/pla-agropecuari\/alimentem-collserola\/\">Alimentem Collserola<\/a>, que han comptat amb la dinamitzaci\u00f3 de l\u2019equip t\u00e8cnic de la cooperativa Arran de terra. <\/p>\n\n\n\n<p>El document&nbsp;<a href=\"https:\/\/www.parcnaturalcollserola.cat\/pdfs\/DLAe\/Memoria_AlimentemCollserola_2016_2024.pdf\">Alimentem Collserola! Transici\u00f3 agroecol\u00f2gica a la Serra de Collserola. Mem\u00f2ria 2016-2024<\/a>, recull els aven\u00e7os d\u2019aquests vuit anys per impulsar sistemes alimentaris locals m\u00e9s justos i sostenibles i reactivar l\u2019activitat agr\u00e0ria al territori. La publicaci\u00f3 neix amb la voluntat de fer<strong>&nbsp;balan\u00e7 del proc\u00e9s i recollir els principals reptes, aprenentatges i fites assolides<\/strong>&nbsp;per promoure la transici\u00f3 agroecol\u00f2gica al Parc Natural de Collserola.<\/p>\n\n\n\n<p>La Mem\u00f2ria presenta una radiografia de la situaci\u00f3 del sector agrari al Parc Natural de Collserola, amb dades sobre la dimensi\u00f3 ecol\u00f2gica, social i econ\u00f2mica del sector, i un recull de la percepci\u00f3 de la pagesia sobre els seus principals esculls.<\/p>\n\n\n\n<div class=\"wp-block-image\"><figure class=\"aligncenter size-large\"><img width=\"544\" height=\"695\" src=\"https:\/\/blogs.amb.cat\/alimentaciometropolitana\/wp-content\/uploads\/sites\/14\/2025\/07\/collserola_Alimentem-memoria.png\" alt=\"\" class=\"wp-image-1395\" srcset=\"https:\/\/blogs.amb.cat\/alimentaciometropolitana\/wp-content\/uploads\/sites\/14\/2025\/07\/collserola_Alimentem-memoria.png 544w, https:\/\/blogs.amb.cat\/alimentaciometropolitana\/wp-content\/uploads\/sites\/14\/2025\/07\/collserola_Alimentem-memoria-235x300.png 235w\" sizes=\"(max-width: 544px) 100vw, 544px\" \/><\/figure><\/div>\n\n\n\n<p>Tamb\u00e9 es fa una panor\u00e0mica les accions tractor i els serveis estructurals que s\u2019han desenvolupat al llarg d\u2019aquests anys per donar suport a la pagesia i que han quedat com a eines de gesti\u00f3 del Consorci. \u00c9s el cas d<strong>\u2019<a href=\"https:\/\/parcnaturalcollserola.cat\/linies-de-gestio\/medi-natural\/pla-agropecuari\/alimentem-collserola\/arrelat\/\" target=\"_blank\" rel=\"noreferrer noopener\">Arrela\u2019t<\/a><\/strong>&nbsp;\u2014el servei d\u2019assessorament integral a la pagesia\u2014, el&nbsp;<strong><a href=\"https:\/\/parcnaturalcollserola.cat\/linies-de-gestio\/medi-natural\/pla-agropecuari\/alimentem-collserola\/contracte-agrari-de-collserola\/\" target=\"_blank\" rel=\"noreferrer noopener\">Contracte Agrari de Collserola (CAC)<\/a><\/strong>&nbsp;\u2014sistema de remuneraci\u00f3 pels serveis ecosist\u00e8mics que proporciona la pagesia (actualment, <a rel=\"noreferrer noopener\" href=\"https:\/\/blogs.amb.cat\/alimentaciometropolitana\/2025\/06\/30\/oberta-la-4a-convocatoria-del-contracte-agrari-de-collserola-fins-el-18-de-juliol\/\" target=\"_blank\">la 4a convocat\u00f2ria es troba oberta fins al 18 de juliol<\/a>)\u2014, la&nbsp;<strong>maquin\u00e0ria compartida<\/strong>&nbsp;o les eines per promoure la recuperaci\u00f3 de finques agroforestals a la Serra.<\/p>\n\n\n\n<p>Entre les dades m\u00e9s rellevants, destaquen:<\/p>\n\n\n\n<ul><li>24 explotacions agroramaderes actives, amb 58 persones treballadores directes<\/li><li>230 apiaris registrats i 700 animals en pastura extensiva<\/li><li>442 actuacions subvencionades pel CAC en 3 edicions, amb una inversi\u00f3 de m\u00e9s de 230.000 \u20ac<\/li><li>M\u00e9s de 20 activitats d\u2019educaci\u00f3 ambiental i accions amb centres educatius i entitats locals<\/li><li>El 50% de les explotacions amb segell ecol\u00f2gic i el 90% amb varietats locals o races aut\u00f2ctones<\/li><li>L\u2019impuls de la varietat local de tom\u00e0quet \u201c<strong>Mand\u00f3 de Collserola<\/strong>\u201d, amb producci\u00f3 i festa pr\u00f2pia<\/li><\/ul>\n\n\n\n<p><\/p>\n\n\n\n<h3><strong>Un nou horitz\u00f3: inici del 3r cicle (2025-2028)<\/strong><\/h3>\n\n\n\n<p>La publicaci\u00f3 de la Mem\u00f2ria coincideix amb la presentaci\u00f3 del&nbsp;<a href=\"https:\/\/www.parcnaturalcollserola.cat\/pdfs\/DLAe\/Pacte_Municipis_Collserola_Agroecologia_2025.pdf\"><strong>Pacte de municipis de Collserola per l\u2019agroecologia<\/strong><\/a>, un acord entre els municipis implicats en el projecte Alimentem Collserola per deixar const\u00e0ncia dels esfor\u00e7os comuns dels \u00faltims anys i de la voluntat de continuar avan\u00e7ant en la transici\u00f3 agroecol\u00f2gica de la Serra.<\/p>\n\n\n\n<p>Amb aquesta publicaci\u00f3, s\u2019engega un 3r cicle del programa Alimentem Collserola (2025-2028), que a partir d\u2019ara comptar\u00e0 amb la dinamitzaci\u00f3 de la cooperativa L\u2019Ortiga i respondr\u00e0 als nous reptes de la pagesia i dels sistemes alimentaris locals.<\/p>\n\n\n\n<p>Aquest nou cicle suposa una oportunitat per seguir articulant pol\u00edtiques aliment\u00e0ries territorials des del <strong>cor verd metropolit\u00e0<\/strong>, connectant la preservaci\u00f3 del paisatge amb el dret a una alimentaci\u00f3 justa, saludable i sostenible per a tota la ciutadania.<\/p>\n\n\n\n<p>L&#8217;\u00c0rea Metropolitana de Barcelona (AMB), en concret el Servei d&#8217;Infraestructura Verda, seguir\u00e0 formant part de la Comissi\u00f3 de seguiment del Programa Alimentem Collserola amb l&#8217;objectiu de fer seguiment actiu de les tasques desenvolupades, aix\u00ed com articular la feina que est\u00e0 fent en el marc del Programa i identificar sin\u00e8rgies amb accions i compet\u00e8ncies de l&#8217;AMB.<\/p>\n\n\n\n<p><\/p>\n","protected":false},"excerpt":{"rendered":"<p>El Programa Alimentem Collserola! Promoci\u00f3 de la Transici\u00f3 Agroecol\u00f2gica a Collserola arriba al final del seu segon cicle (2016-2024) consolidant-se com una estrat\u00e8gia de refer\u00e8ncia en la transici\u00f3 agroecol\u00f2gica metropolitana. Impulsat pel Consorci del Parc Natural de la Serra de Collserola i diversos municipis, aix\u00ed com amb la implicaci\u00f3 de diverses entitats i agents del [&hellip;]<\/p>\n","protected":false},"author":49,"featured_media":1393,"comment_status":"closed","ping_status":"open","sticky":false,"template":"","format":"standard","meta":{"_oasis_is_in_workflow":0,"_oasis_original":0,"ngg_post_thumbnail":0},"categories":[186,185,1,183],"tags":[],"_links":{"self":[{"href":"https:\/\/blogs.amb.cat\/alimentaciometropolitana\/wp-json\/wp\/v2\/posts\/1391"}],"collection":[{"href":"https:\/\/blogs.amb.cat\/alimentaciometropolitana\/wp-json\/wp\/v2\/posts"}],"about":[{"href":"https:\/\/blogs.amb.cat\/alimentaciometropolitana\/wp-json\/wp\/v2\/types\/post"}],"author":[{"embeddable":true,"href":"https:\/\/blogs.amb.cat\/alimentaciometropolitana\/wp-json\/wp\/v2\/users\/49"}],"replies":[{"embeddable":true,"href":"https:\/\/blogs.amb.cat\/alimentaciometropolitana\/wp-json\/wp\/v2\/comments?post=1391"}],"version-history":[{"count":6,"href":"https:\/\/blogs.amb.cat\/alimentaciometropolitana\/wp-json\/wp\/v2\/posts\/1391\/revisions"}],"predecessor-version":[{"id":1407,"href":"https:\/\/blogs.amb.cat\/alimentaciometropolitana\/wp-json\/wp\/v2\/posts\/1391\/revisions\/1407"}],"wp:featuredmedia":[{"embeddable":true,"href":"https:\/\/blogs.amb.cat\/alimentaciometropolitana\/wp-json\/wp\/v2\/media\/1393"}],"wp:attachment":[{"href":"https:\/\/blogs.amb.cat\/alimentaciometropolitana\/wp-json\/wp\/v2\/media?parent=1391"}],"wp:term":[{"taxonomy":"category","embeddable":true,"href":"https:\/\/blogs.amb.cat\/alimentaciometropolitana\/wp-json\/wp\/v2\/categories?post=1391"},{"taxonomy":"post_tag","embeddable":true,"href":"https:\/\/blogs.amb.cat\/alimentaciometropolitana\/wp-json\/wp\/v2\/tags?post=1391"}],"curies":[{"name":"wp","href":"https:\/\/api.w.org\/{rel}","templated":true}]}}