
 







{"id":1399,"date":"2025-07-15T15:06:07","date_gmt":"2025-07-15T13:06:07","guid":{"rendered":"https:\/\/blogs.amb.cat\/alimentaciometropolitana\/?p=1399"},"modified":"2025-11-11T15:20:42","modified_gmt":"2025-11-11T13:20:42","slug":"jornada-els-camins-de-lalimentacio-el-proper-24-de-juliol-al-canodrom","status":"publish","type":"post","link":"https:\/\/blogs.amb.cat\/alimentaciometropolitana\/2025\/07\/15\/jornada-els-camins-de-lalimentacio-el-proper-24-de-juliol-al-canodrom\/","title":{"rendered":"Jornada &#8220;Els camins de l&#8217;alimentaci\u00f3&#8221;: proper 24 de juliol al Can\u00f2drom"},"content":{"rendered":"\n<p>El mapejos recents dels entorns alimentaris de l\u2019\u00c0rea Metropolitana de Barcelona mostren que no tot el territori (i no tothom) t\u00e9 un acc\u00e9s igual a l\u2019alimentaci\u00f3 saludable i sostenible. Aquestes desigualtats fan que alguns barris metropolitans proposin des del seu teixit social solucions per a la millora de l\u2019alimentaci\u00f3 i tamb\u00e9 les grans empreses p\u00fabliques dedicades a la distribuci\u00f3 aliment\u00e0ria avancen en el camp de millorar l\u2019 acc\u00e9s a una alimentaci\u00f3 adeq\u00fcada per &nbsp;tothom. Tanmateix, val a dir que aquests esfor\u00e7os per la millora troben limitacions i dificultats que cal estudiar i discutir.&nbsp;<\/p>\n\n\n\n<p>Per parlar de tot aix\u00f2, el proper <strong>dijous\u00a024 de juliol de 2025<\/strong>, entre les <strong>9 i les 13h<\/strong>, l\u2019AMB celebrar\u00e0 la <strong>jornada<\/strong>\u00a0\u201c<strong>Els camins de l\u2019alimentaci\u00f3. Presents i futurs del sistema de distribuci\u00f3 aliment\u00e0ria\u201d<\/strong>\u00a0a les instal\u00b7lacions de <strong><a rel=\"noreferrer noopener\" href=\"https:\/\/canodrom.barcelona\/\" target=\"_blank\">Can\u00f2drom-Ateneu d\u2019Innovaci\u00f3 Digital i Democr\u00e0tica<\/a> a Barcelona<\/strong>, per presentar algunes de les darreres recerques a la metr\u00f2poli en mat\u00e8ria distribuci\u00f3 i comercialitzaci\u00f3 aliment\u00e0ria.\u00a0<\/p>\n\n\n\n<p>Us emplacem a fer la inscripci\u00f3 mitjan\u00e7ant el seg\u00fcent formulari: <strong><a rel=\"noreferrer noopener\" href=\"https:\/\/forms.office.com\/e\/tzfHqaU0Z3\" target=\"_blank\">INSCRIVIU-VOS AQU\u00cd<\/a><\/strong><\/p>\n\n\n\n<p><strong>PROGRAMA<\/strong><\/p>\n\n\n\n<figure class=\"wp-block-table is-style-stripes\"><table class=\"has-subtle-pale-green-background-color has-background\"><tbody><tr><td><strong>9.00h<\/strong><\/td><td><strong>Benvinguda<\/strong> <br><strong>Janet Sanz<\/strong> &#8211; Vicepresidenta d\u2019Acci\u00f3 Clim\u00e0tica i Agenda Estrat\u00e8gica Metropolitana AMB <br><strong>Raquel Gil<\/strong> &#8211; Consellera Delegada d\u2019An\u00e0lisi de Pol\u00edtiques Metropolitanes AMB<\/td><\/tr><tr><td><strong>PON\u00c8NCIES<\/strong><\/td><td><\/td><\/tr><tr><td><strong>9.10h<\/strong><\/td><td><strong>Els Entorns Alimentaris de l\u2019\u00c0rea Metropolitana de Barcelona<\/strong><br><strong>Laura Calvet<\/strong> &#8211; Investigadora de l\u2019Institut Metr\u00f2poli<\/td><\/tr><tr><td><strong>9.30h<\/strong><\/td><td><strong>Treballant amb les iniciatives dels barris: Projecte FoodClic<\/strong><br><strong>Laura Bosch &#8211; <\/strong>T\u00e8cnica Projecte Foodclic AMB<\/td><\/tr><tr><td><strong>9.50h<\/strong><\/td><td>Preguntes i propostes del p\u00fablic<\/td><\/tr><tr><td><strong>10.10h<\/strong><\/td><td><strong>Anticipar-se a les crisis aliment\u00e0ries<\/strong><br><strong>Adri\u00e0 Rodriguez &#8211; <\/strong>Investigador Institut IDRA<\/td><\/tr><tr><td><strong>10.30h&nbsp;<\/strong><\/td><td><strong>Sistemes alimentaris&nbsp;amb just\u00edcia aliment\u00e0ria<\/strong><br><strong>Sara Gonz\u00e1lez &#8211; <\/strong>Investigadora Universitat de Leeds<\/td><\/tr><tr><td><strong>10.50h<\/strong><\/td><td>Preguntes i propostes del p\u00fablic<\/td><\/tr><tr><td><strong>11.10h<\/strong><\/td><td><em>Refrigeri<\/em><\/td><\/tr><tr><td><strong>TAULA RODONA<\/strong><\/td><td><\/td><\/tr><tr><td><strong>11.30h<\/strong><\/td><td><strong>Els reptes de la distribuci\u00f3 aliment\u00e0ria<\/strong><br><strong>Jose Luis Haro<\/strong> &#8211; Director de Serveis d\u2019An\u00e0lisi de Pol\u00edtiques Metropolitanes AMB<br><strong>Pau L\u00f3pez <\/strong>&#8211; Director de Sostenibilitat i Innovaci\u00f3 Mercabarna<br><strong>Ruben Mart\u00ednez <\/strong>&#8211; Director Transici\u00f3 Ecol\u00f2gica Institut IDRA<br><strong>Elena Domene <\/strong>&#8211; Cap de l\u2019\u00c0rea de Sostenibilitat Urbana Institut Metr\u00f2poli<br><br><strong>Modera: Victor Tenez <\/strong>&#8211; Cap del Servei Estrat\u00e8gia i Resili\u00e8ncia AMB<\/td><\/tr><tr><td><strong>12.30h&nbsp;<\/strong><\/td><td>Preguntes i propostes del p\u00fablic<\/td><\/tr><tr><td><strong>12.50h<\/strong><\/td><td><strong>Cloenda<\/strong><br><strong>Janet Sanz<\/strong> &#8211; Vicepresidenta d\u2019Acci\u00f3 Clim\u00e0tica i Agenda Estrat\u00e8gica Metropolitana AMB<\/td><\/tr><\/tbody><\/table><\/figure>\n\n\n\n<p><\/p>\n\n\n\n<p><\/p>\n\n\n\n<p><strong>Enlla\u00e7 als estudis:<\/strong><\/p>\n\n\n\n<p><a rel=\"noreferrer noopener\" href=\"https:\/\/www.amb.cat\/ca\/web\/amb\/govern-metropolita\/analisi-i-estrategia\/estudis-metropolitans\/detall\/-\/estuditerritorial\/entorns-alimentaris-locals\/28343014\/11696\" target=\"_blank\">Entorns alimentaris locals<\/a>: actualitzaci\u00f3 de la cartografia i caracteritzaci\u00f3 dels entorns alimentaris locals en l\u2019\u00e0mbit de l\u2019\u00e0rea metropolitana de Barcelona<\/p>\n\n\n\n<p><\/p>\n\n\n\n<p><a rel=\"noreferrer noopener\" href=\"https:\/\/www.amb.cat\/ca\/web\/amb\/govern-metropolita\/analisi-i-estrategia\/estudis-metropolitans\/detall\/-\/estuditerritorial\/anticipar-se-a-les-crisis-alimentaries\/28349158\/11696\" target=\"_blank\">Anticipar-se a les crisis aliment\u00e0ries<\/a>: estructura de la distribuci\u00f3 aliment\u00e0ria a l&#8217;\u00e0rea metropolitana de Barcelona i les seves potencialitats per a la millora del sistema alimentari en la seva sostenibilitat<\/p>\n\n\n\n<p><\/p>\n","protected":false},"excerpt":{"rendered":"<p>El mapejos recents dels entorns alimentaris de l\u2019\u00c0rea Metropolitana de Barcelona mostren que no tot el territori (i no tothom) t\u00e9 un acc\u00e9s igual a l\u2019alimentaci\u00f3 saludable i sostenible. Aquestes desigualtats fan que alguns barris metropolitans proposin des del seu teixit social solucions per a la millora de l\u2019alimentaci\u00f3 i tamb\u00e9 les grans empreses p\u00fabliques [&hellip;]<\/p>\n","protected":false},"author":49,"featured_media":1404,"comment_status":"closed","ping_status":"open","sticky":false,"template":"","format":"standard","meta":{"_oasis_is_in_workflow":0,"_oasis_original":0,"ngg_post_thumbnail":0},"categories":[185,1],"tags":[],"_links":{"self":[{"href":"https:\/\/blogs.amb.cat\/alimentaciometropolitana\/wp-json\/wp\/v2\/posts\/1399"}],"collection":[{"href":"https:\/\/blogs.amb.cat\/alimentaciometropolitana\/wp-json\/wp\/v2\/posts"}],"about":[{"href":"https:\/\/blogs.amb.cat\/alimentaciometropolitana\/wp-json\/wp\/v2\/types\/post"}],"author":[{"embeddable":true,"href":"https:\/\/blogs.amb.cat\/alimentaciometropolitana\/wp-json\/wp\/v2\/users\/49"}],"replies":[{"embeddable":true,"href":"https:\/\/blogs.amb.cat\/alimentaciometropolitana\/wp-json\/wp\/v2\/comments?post=1399"}],"version-history":[{"count":6,"href":"https:\/\/blogs.amb.cat\/alimentaciometropolitana\/wp-json\/wp\/v2\/posts\/1399\/revisions"}],"predecessor-version":[{"id":1619,"href":"https:\/\/blogs.amb.cat\/alimentaciometropolitana\/wp-json\/wp\/v2\/posts\/1399\/revisions\/1619"}],"wp:featuredmedia":[{"embeddable":true,"href":"https:\/\/blogs.amb.cat\/alimentaciometropolitana\/wp-json\/wp\/v2\/media\/1404"}],"wp:attachment":[{"href":"https:\/\/blogs.amb.cat\/alimentaciometropolitana\/wp-json\/wp\/v2\/media?parent=1399"}],"wp:term":[{"taxonomy":"category","embeddable":true,"href":"https:\/\/blogs.amb.cat\/alimentaciometropolitana\/wp-json\/wp\/v2\/categories?post=1399"},{"taxonomy":"post_tag","embeddable":true,"href":"https:\/\/blogs.amb.cat\/alimentaciometropolitana\/wp-json\/wp\/v2\/tags?post=1399"}],"curies":[{"name":"wp","href":"https:\/\/api.w.org\/{rel}","templated":true}]}}