
 







{"id":1412,"date":"2025-08-04T12:22:00","date_gmt":"2025-08-04T10:22:00","guid":{"rendered":"https:\/\/blogs.amb.cat\/alimentaciometropolitana\/?p=1412"},"modified":"2025-08-20T11:51:42","modified_gmt":"2025-08-20T09:51:42","slug":"fins-al-10-doctubre-oberta-la-convocatoria-albarrio-2025-per-a-municipis-interessats-en-transformar-lalimentacio-local","status":"publish","type":"post","link":"https:\/\/blogs.amb.cat\/alimentaciometropolitana\/2025\/08\/04\/fins-al-10-doctubre-oberta-la-convocatoria-albarrio-2025-per-a-municipis-interessats-en-transformar-lalimentacio-local\/","title":{"rendered":"Fins al 10 d&#8217;octubre, oberta la convocat\u00f2ria Albarrio 2025 per a municipis interessats a transformar l&#8217;alimentaci\u00f3 local"},"content":{"rendered":"\n<p><strong>La &#8220;<a rel=\"noreferrer noopener\" href=\"https:\/\/www.municipiosagroeco.red\/\" target=\"_blank\">Red de Municipios por la Agroecolog\u00eda<\/a>\u201d obre una nova convocat\u00f2ria d\u2019Albarrio<\/strong>, un projecte finan\u00e7at per la <a rel=\"noreferrer noopener\" href=\"https:\/\/www.fondationcarasso.org\/es\/\" target=\"_blank\"><strong>Fundaci\u00f3 Daniel i Nina Carasso<\/strong><\/a>, que busca refor\u00e7ar el paper dels referents comunitaris en alimentaci\u00f3 saludable i sostenible al territori. <\/p>\n\n\n\n<p>En concret, en aquesta convocat\u00f2ria es busquen <strong>dos municipis<\/strong> compromesos per implantar un model innovador que connecta professionals de salut, entitats locals i ciutadania per promoure l&#8217;alimentaci\u00f3 saludable i sostenible.<\/p>\n\n\n\n<h3>En qu\u00e8 consisteix Albarrio?<\/h3>\n\n\n\n<p>Albarrio\u00a0\u00e9s un model per promoure el canvi de comportament en relaci\u00f3 amb l&#8217;alimentaci\u00f3, que pret\u00e9n implantar activitats com a punts d&#8217;assessorament gratu\u00eft en llocs de compra, descomptes en ingredients saludables, tallers de cuina integrats en la programaci\u00f3 d&#8217;entitats, xerrades sobre etiquetatge alimentari, receptes tem\u00e0tiques en restaurants locals i activitats did\u00e0ctiques en escoles. No es tracta d&#8217;un programa de distribuci\u00f3 d&#8217;aliments ni d&#8217;un banc alimentari, sin\u00f3 d&#8217;una estrat\u00e8gia de canvi en la demanda i l&#8217;adequaci\u00f3 de l&#8217;oferta d&#8217;aliments saludables i sostenibles a escala local.<\/p>\n\n\n\n<p>\u00c9s un model de treball en tres fases: <strong>codisseny comunitari<\/strong>, <strong>formaci\u00f3 de referents locals<\/strong> i <strong>activaci\u00f3 de referents<\/strong>. En la primera fase, s\u2019analitza el territori per entendre&#8217;n les necessitats i construir confian\u00e7a amb agents locals i ciutadania. En la segona, es capacita personal sanitari i persones referents del barri. I, en la tercera, es desplega una campanya conjunta dirigida a la ciutadania que inclou quatre tipus d&#8217;accions: difusi\u00f3 de recomanacions d&#8217;alimentaci\u00f3, comunicaci\u00f3 i assessorament gratu\u00eft en punts de venda claus, desenvolupament d&#8217;activitats per part de les entitats socials i millora de l&#8217;oferta d&#8217;aliments al territori.<\/p>\n\n\n\n<h3>Experi\u00e8ncies en convocat\u00f2ries anteriors<\/h3>\n\n\n\n<ul><li>A <strong>Barcelona<\/strong>, als barris de <strong>Bar\u00f3 de Viver i Bon Pastor<\/strong> (16.000 habitants), es van formar una vintena d&#8217;agents locals com a referents d&#8217;alimentaci\u00f3 al barri i es van fer m\u00e9s de 30 activitats organitzades per a les m\u00e9s de 15 entitats que treballen en xarxa de manera coordinada. A m\u00e9s, es va crear un punt d\u2019assessorament al mercat municipal de Bon Pastor, amb una molt bona valoraci\u00f3 per part de la ciutadania.<\/li><li>A <strong>Saragossa<\/strong>, al barri <strong>Oliver <\/strong>(17.000 habitants), el model de Barcelona es va aplicar de manera m\u00e9s r\u00e0pida per la sistematitzaci\u00f3 dels aprenentatges, amb adaptaci\u00f3 local i empoderament de l\u2019associaci\u00f3 ve\u00efnal per garantir-ne la continu\u00eftat.<\/li><\/ul>\n\n\n\n<h3>Qui hi pot participar?<\/h3>\n\n\n\n<ul><li>La convocat\u00f2ria, oberta fins al 10 d&#8217;octubre del 2025, est\u00e0 adre\u00e7ada a municipis interessats a activar referents comunitaris per promoure una alimentaci\u00f3 saludable i sostenible. No cal experi\u00e8ncia pr\u00e8via en pol\u00edtiques aliment\u00e0ries; s\u00ed que s\u00f3n essencials, per\u00f2, els vincles comunitaris actius i el comprom\u00eds amb el dec\u00e0leg d\u2019alimentaci\u00f3 saludable i sostenible. <\/li><li>Es valorar\u00e0 especialment la pertinen\u00e7a a la Red de Municipios por la Agroecolog\u00eda com a evid\u00e8ncia del comprom\u00eds del municipi amb el desenvolupament de sistemes alimentaris sostenibles, justos i adaptats als territoris. <\/li><li>Les candidatures hauran de presentar-se necess\u00e0riament com un t\u00e0ndem col\u00b7laboratiu format per un municipi i una entitat social local que demostri capacitat per gestionar i executar el projecte al territori.<\/li><li>Es prioritzar\u00e0 la selecci\u00f3 de dos tipus de territoris\/escales d&#8217;intervenci\u00f3, amb una poblaci\u00f3 entre 10.000 i 20.000 habitants: un d&#8217;escala municipal petita, on el territori d&#8217;intervenci\u00f3 coincideixi amb el municipi complet -en el cas de municipis m\u00e9s petits es valorar\u00e0 individualment-, i un altre corresponent a un barri dins d&#8217;una ciutat.<\/li><li>L\u2019\u00fanic comprom\u00eds del municipi \u00e9s dedicar temps de personal t\u00e8cnic per al seguiment i la coordinaci\u00f3 del projecte; no cal fer-hi una aportaci\u00f3 econ\u00f2mica directa.<\/li><\/ul>\n\n\n\n<h3>Calendari de la convocat\u00f2ria<\/h3>\n\n\n\n<ul><li><strong>Juliol-setembre del 2025:<\/strong> assessorament personalitzat per resoldre dubtes i orientar els municipis interessats en la convocat\u00f2ria.<\/li><li><strong>Fins al 10 d&#8217;octubre del<\/strong> <strong>2025<\/strong>: convocat\u00f2ria oberta per presentar candidatures a trav\u00e9s de la plataforma web.<\/li><li><strong>15 novembre del 2025:<\/strong> comunicaci\u00f3 oficial dels municipis seleccionats.<\/li><li><strong>Gener del 2026: <\/strong>inici de la implementaci\u00f3 amb la fase de codisseny comunitari.<\/li><\/ul>\n\n\n\n<p>Per a m\u00e9s informaci\u00f3, pots consultar la web del <a rel=\"noreferrer noopener\" href=\"https:\/\/www.municipiosagroeco.red\/albarrio\/#toggle-id-17\" target=\"_blank\"><strong>projecte Albarrio<\/strong><\/a> i les <a rel=\"noreferrer noopener\" href=\"https:\/\/www.municipiosagroeco.red\/wp-content\/uploads\/2025\/07\/20250711BasesConvocatoriaAlBarriov2.pdf\" target=\"_blank\"><strong>bases de la convocat\u00f2ria<\/strong><\/a>.<\/p>\n","protected":false},"excerpt":{"rendered":"<p>La &#8220;Red de Municipios por la Agroecolog\u00eda\u201d obre una nova convocat\u00f2ria d\u2019Albarrio, un projecte finan\u00e7at per la Fundaci\u00f3 Daniel i Nina Carasso, que busca refor\u00e7ar el paper dels referents comunitaris en alimentaci\u00f3 saludable i sostenible al territori. En concret, en aquesta convocat\u00f2ria es busquen dos municipis compromesos per implantar un model innovador que connecta professionals [&hellip;]<\/p>\n","protected":false},"author":49,"featured_media":1418,"comment_status":"closed","ping_status":"open","sticky":false,"template":"","format":"standard","meta":{"_oasis_is_in_workflow":0,"_oasis_original":0,"ngg_post_thumbnail":0},"categories":[1],"tags":[],"_links":{"self":[{"href":"https:\/\/blogs.amb.cat\/alimentaciometropolitana\/wp-json\/wp\/v2\/posts\/1412"}],"collection":[{"href":"https:\/\/blogs.amb.cat\/alimentaciometropolitana\/wp-json\/wp\/v2\/posts"}],"about":[{"href":"https:\/\/blogs.amb.cat\/alimentaciometropolitana\/wp-json\/wp\/v2\/types\/post"}],"author":[{"embeddable":true,"href":"https:\/\/blogs.amb.cat\/alimentaciometropolitana\/wp-json\/wp\/v2\/users\/49"}],"replies":[{"embeddable":true,"href":"https:\/\/blogs.amb.cat\/alimentaciometropolitana\/wp-json\/wp\/v2\/comments?post=1412"}],"version-history":[{"count":6,"href":"https:\/\/blogs.amb.cat\/alimentaciometropolitana\/wp-json\/wp\/v2\/posts\/1412\/revisions"}],"predecessor-version":[{"id":1430,"href":"https:\/\/blogs.amb.cat\/alimentaciometropolitana\/wp-json\/wp\/v2\/posts\/1412\/revisions\/1430"}],"wp:featuredmedia":[{"embeddable":true,"href":"https:\/\/blogs.amb.cat\/alimentaciometropolitana\/wp-json\/wp\/v2\/media\/1418"}],"wp:attachment":[{"href":"https:\/\/blogs.amb.cat\/alimentaciometropolitana\/wp-json\/wp\/v2\/media?parent=1412"}],"wp:term":[{"taxonomy":"category","embeddable":true,"href":"https:\/\/blogs.amb.cat\/alimentaciometropolitana\/wp-json\/wp\/v2\/categories?post=1412"},{"taxonomy":"post_tag","embeddable":true,"href":"https:\/\/blogs.amb.cat\/alimentaciometropolitana\/wp-json\/wp\/v2\/tags?post=1412"}],"curies":[{"name":"wp","href":"https:\/\/api.w.org\/{rel}","templated":true}]}}