
 







{"id":1454,"date":"2025-10-31T10:36:00","date_gmt":"2025-10-31T08:36:00","guid":{"rendered":"https:\/\/blogs.amb.cat\/alimentaciometropolitana\/?p=1454"},"modified":"2025-11-04T12:45:07","modified_gmt":"2025-11-04T10:45:07","slug":"lamb-dona-a-coneixer-internament-el-sistema-alimentari-metropolita","status":"publish","type":"post","link":"https:\/\/blogs.amb.cat\/alimentaciometropolitana\/2025\/10\/31\/lamb-dona-a-coneixer-internament-el-sistema-alimentari-metropolita\/","title":{"rendered":"L&#8217;AMB dona a con\u00e8ixer internament el sistema alimentari metropolit\u00e0"},"content":{"rendered":"\n<p>El 16 d\u2019octubre del 2025, en el marc del Dia Mundial de l&#8217;Alimentaci\u00f3, la Direcci\u00f3 de Serveis d&#8217;An\u00e0lisi de Pol\u00edtiques Metropolitanes de l\u2019AMB ha convidat el personal a respondre un breu q\u00fcestionari per posar a prova els seus coneixements i incitar a reflexionar sobre la relaci\u00f3 entre els aliments i el bon funcionament de la ciutat metropolitana, aix\u00ed com sobre algunes de les pol\u00edtiques aliment\u00e0ries que impulsa l&#8217;AMB.<\/p>\n\n\n\n<p>L\u2019acci\u00f3 ha tingut molt bona acollida entre els treballadors i treballadores de l&#8217;AMB, at\u00e8s que hi han participat m\u00e9s de 270 persones de les diverses \u00e0rees. Com a mostra d&#8217;agra\u00efment i amb l&#8217;objectiu de reduir els residus i fomentar l&#8217;\u00fas d&#8217;opcions reutilitzables, es va distribuir un portasnacks Snack&#8217;n&#8217;Go (produ\u00eft per l&#8217;empresa <a rel=\"noreferrer noopener\" href=\"https:\/\/rolleat.com\/\" target=\"_blank\">Roll&#8217;eat<\/a>) a les persones que hi van participar.<\/p>\n\n\n\n<figure class=\"wp-block-image size-large\"><img width=\"1024\" height=\"838\" src=\"https:\/\/blogs.amb.cat\/alimentaciometropolitana\/wp-content\/uploads\/sites\/14\/2025\/10\/snackgo-1024x838.jpg\" alt=\"\" class=\"wp-image-1459\" srcset=\"https:\/\/blogs.amb.cat\/alimentaciometropolitana\/wp-content\/uploads\/sites\/14\/2025\/10\/snackgo-1024x838.jpg 1024w, https:\/\/blogs.amb.cat\/alimentaciometropolitana\/wp-content\/uploads\/sites\/14\/2025\/10\/snackgo-300x246.jpg 300w, https:\/\/blogs.amb.cat\/alimentaciometropolitana\/wp-content\/uploads\/sites\/14\/2025\/10\/snackgo-768x629.jpg 768w, https:\/\/blogs.amb.cat\/alimentaciometropolitana\/wp-content\/uploads\/sites\/14\/2025\/10\/snackgo-1536x1257.jpg 1536w, https:\/\/blogs.amb.cat\/alimentaciometropolitana\/wp-content\/uploads\/sites\/14\/2025\/10\/snackgo-2048x1676.jpg 2048w\" sizes=\"(max-width: 1024px) 100vw, 1024px\" \/><\/figure>\n\n\n\n<p><a rel=\"noreferrer noopener\" href=\"https:\/\/www.amb.cat\/ca\/web\/amb\/actualitat\/publicacions\/detall\/-\/publicacio\/alimentacio-metropolitana--10-preguntes-per-coneixer-millor-el-sistema\/29067167\/11696\" target=\"_blank\">Aquest document<\/a> cont\u00e9 les 10 preguntes del q\u00fcestionari, amb les seves respostes i una breu explicaci\u00f3 per con\u00e8ixer alguns dels reptes, projectes i aven\u00e7os en l\u2019\u00e0mbit de l\u2019alimentaci\u00f3 saludable, sostenible i justa al territori metropolit\u00e0. Hi trobar\u00e0s q\u00fcestions relacionades amb les previsions de la FAO per al 2050 sobre la producci\u00f3 d\u2019aliments a escala mundial, la reducci\u00f3 de la superf\u00edcie agr\u00edcola en l\u2019\u00e0mbit metropolit\u00e0, la petjada ambiental d\u2019aliments com els alvocats originaris de pa\u00efsos de Llatinoam\u00e8rica o els quilos de menjar malbaratats anualment a les llars catalanes.<\/p>\n","protected":false},"excerpt":{"rendered":"<p>El 16 d\u2019octubre del 2025, en el marc del Dia Mundial de l&#8217;Alimentaci\u00f3, la Direcci\u00f3 de Serveis d&#8217;An\u00e0lisi de Pol\u00edtiques Metropolitanes de l\u2019AMB ha convidat el personal a respondre un breu q\u00fcestionari per posar a prova els seus coneixements i incitar a reflexionar sobre la relaci\u00f3 entre els aliments i el bon funcionament de la [&hellip;]<\/p>\n","protected":false},"author":49,"featured_media":1455,"comment_status":"closed","ping_status":"open","sticky":false,"template":"","format":"standard","meta":{"_oasis_is_in_workflow":0,"_oasis_original":0,"ngg_post_thumbnail":0},"categories":[1],"tags":[],"_links":{"self":[{"href":"https:\/\/blogs.amb.cat\/alimentaciometropolitana\/wp-json\/wp\/v2\/posts\/1454"}],"collection":[{"href":"https:\/\/blogs.amb.cat\/alimentaciometropolitana\/wp-json\/wp\/v2\/posts"}],"about":[{"href":"https:\/\/blogs.amb.cat\/alimentaciometropolitana\/wp-json\/wp\/v2\/types\/post"}],"author":[{"embeddable":true,"href":"https:\/\/blogs.amb.cat\/alimentaciometropolitana\/wp-json\/wp\/v2\/users\/49"}],"replies":[{"embeddable":true,"href":"https:\/\/blogs.amb.cat\/alimentaciometropolitana\/wp-json\/wp\/v2\/comments?post=1454"}],"version-history":[{"count":6,"href":"https:\/\/blogs.amb.cat\/alimentaciometropolitana\/wp-json\/wp\/v2\/posts\/1454\/revisions"}],"predecessor-version":[{"id":1583,"href":"https:\/\/blogs.amb.cat\/alimentaciometropolitana\/wp-json\/wp\/v2\/posts\/1454\/revisions\/1583"}],"wp:featuredmedia":[{"embeddable":true,"href":"https:\/\/blogs.amb.cat\/alimentaciometropolitana\/wp-json\/wp\/v2\/media\/1455"}],"wp:attachment":[{"href":"https:\/\/blogs.amb.cat\/alimentaciometropolitana\/wp-json\/wp\/v2\/media?parent=1454"}],"wp:term":[{"taxonomy":"category","embeddable":true,"href":"https:\/\/blogs.amb.cat\/alimentaciometropolitana\/wp-json\/wp\/v2\/categories?post=1454"},{"taxonomy":"post_tag","embeddable":true,"href":"https:\/\/blogs.amb.cat\/alimentaciometropolitana\/wp-json\/wp\/v2\/tags?post=1454"}],"curies":[{"name":"wp","href":"https:\/\/api.w.org\/{rel}","templated":true}]}}