
 







{"id":15,"date":"2021-04-27T12:27:00","date_gmt":"2021-04-27T10:27:00","guid":{"rendered":"https:\/\/blogs.amb.cat\/alimentaciometropolitana\/?p=15"},"modified":"2021-05-12T23:36:46","modified_gmt":"2021-05-12T21:36:46","slug":"la-produccio-ecologica-catalana-creix-sota-la-covid-19","status":"publish","type":"post","link":"https:\/\/blogs.amb.cat\/alimentaciometropolitana\/2021\/04\/27\/la-produccio-ecologica-catalana-creix-sota-la-covid-19\/","title":{"rendered":"La producci\u00f3 ecol\u00f2gica catalana creix sota la Covid-19"},"content":{"rendered":"\n<p class=\"has-medium-font-size\">La demarcaci\u00f3 de Barcelona concentra 45.055 hect\u00e0rees d\u2019agricultura sense qu\u00edmics<\/p>\n\n\n\n<p>L\u2019aturada global per la pand\u00e8mia de Covid-19 no s\u2019ha notat, d\u2019entrada, en les xifres de producci\u00f3 ecol\u00f2gica a Catalunya. Aix\u00ed ho ha demostrat el <a href=\"http:\/\/agricultura.gencat.cat\/ca\/inici\" target=\"_blank\" rel=\"noreferrer noopener\">Departament d&#8217;Agricultura, Ramaderia, Pesca i Alimentaci\u00f3<\/a> a la roda de premsa en qu\u00e8 ha donat a con\u00e8ixer les dades del sector durant 2020: actualment al Principat hi ha 256.983 hect\u00e0rees de conreus ecol\u00f2gics, el doble que fa sis anys, i 4.495 operadors.<\/p>\n\n\n\n<p>\u201cLa producci\u00f3 ecol\u00f2gica ha resistit l\u2019embat de la crisi sanit\u00e0ria i tanca l\u2019exercici de 2020 amb m\u00e9s operadors ecol\u00f2gics, m\u00e9s superf\u00edcie certificada, m\u00e9s explotacions ramaderes i m\u00e9s ind\u00fastria agroaliment\u00e0ria\u201d, ha indicat David Torrelles, president del <a href=\"http:\/\/www.ccpae.org\/\" target=\"_blank\" rel=\"noreferrer noopener\">Consell Catal\u00e0 de la Producci\u00f3 Agr\u00e0ria Ecol\u00f2gica (CCPAE)<\/a>. \u201cL\u2019alimentaci\u00f3 bio es confirma com la gran alternativa sostenible i de futur del m\u00f3n agroalimentari\u201d, ha afegit.<\/p>\n\n\n\n<p>A la demarcaci\u00f3 de Barcelona hi ha 45.055 hect\u00e0rees de superf\u00edcie dedicada a l\u2019agricultura ecol\u00f2gica, un 6,3% m\u00e9s que el 2019. I els operadors ecol\u00f2gics ja arriben als 1.824, un 11% m\u00e9s que l\u2019any anterior, i es distribueixen de la manera seg\u00fcent:<\/p>\n\n\n\n<p>\u2022 productors vegetals: +13%<br>\u2022 productors ramaders: +5%<br>\u2022 importadors: +8%<br>\u2022 comercialitzadors: +3%<br>\u2022 minoristes: -16%<\/p>\n\n\n\n<p><strong>Nou pla d\u2019acci\u00f3 per impulsar el sector agroecol\u00f2gic<\/strong><br>L\u2019acte tamb\u00e9 ha servit per presentar les l\u00ednies generals del nou Pla d\u2019Acci\u00f3 de la Producci\u00f3 Agroaliment\u00e0ria Ecol\u00f2gica, ja que l\u2019anterior va expirar el 2020. El Departament d\u2019Agricultura est\u00e0 treballant per obrir un proc\u00e9s de participaci\u00f3 amb tots els agents sectorials per redactar el nou full de ruta, alineat amb els objectius del Pacte verd europeu, l\u2019Agenda 2030 i l\u2019estrat\u00e8gia \u2018Del camp a taula\u2019.<\/p>\n\n\n\n<p>El Pla coincidir\u00e0 amb l\u2019aplicaci\u00f3 del nou marc normatiu europeu per a la producci\u00f3 i l\u2019etiquetatge dels aliments ecol\u00f2gics, i servir\u00e0 per donar continu\u00eftat al creixement de les produccions i el consum dels aliments ecol\u00f2gics a Catalunya.<\/p>\n\n\n\n<p>El text recollir\u00e0 mesures per promoure el desenvolupament de les produccions, la innovaci\u00f3, la comercialitzaci\u00f3, el consum i la comunicaci\u00f3. Tamb\u00e9 n\u2019implementar\u00e0 de noves i preveu implicar altres departaments i administracions per ser m\u00e9s efectiu i transversal.<\/p>\n","protected":false},"excerpt":{"rendered":"<p>La demarcaci\u00f3 de Barcelona concentra 45.055 hect\u00e0rees d\u2019agricultura sense qu\u00edmics L\u2019aturada global per la pand\u00e8mia de Covid-19 no s\u2019ha notat, d\u2019entrada, en les xifres de producci\u00f3 ecol\u00f2gica a Catalunya. Aix\u00ed ho ha demostrat el Departament d&#8217;Agricultura, Ramaderia, Pesca i Alimentaci\u00f3 a la roda de premsa en qu\u00e8 ha donat a con\u00e8ixer les dades del sector [&hellip;]<\/p>\n","protected":false},"author":38,"featured_media":20,"comment_status":"closed","ping_status":"open","sticky":false,"template":"","format":"standard","meta":{"_oasis_is_in_workflow":0,"_oasis_original":0,"ngg_post_thumbnail":0},"categories":[1],"tags":[3],"_links":{"self":[{"href":"https:\/\/blogs.amb.cat\/alimentaciometropolitana\/wp-json\/wp\/v2\/posts\/15"}],"collection":[{"href":"https:\/\/blogs.amb.cat\/alimentaciometropolitana\/wp-json\/wp\/v2\/posts"}],"about":[{"href":"https:\/\/blogs.amb.cat\/alimentaciometropolitana\/wp-json\/wp\/v2\/types\/post"}],"author":[{"embeddable":true,"href":"https:\/\/blogs.amb.cat\/alimentaciometropolitana\/wp-json\/wp\/v2\/users\/38"}],"replies":[{"embeddable":true,"href":"https:\/\/blogs.amb.cat\/alimentaciometropolitana\/wp-json\/wp\/v2\/comments?post=15"}],"version-history":[{"count":6,"href":"https:\/\/blogs.amb.cat\/alimentaciometropolitana\/wp-json\/wp\/v2\/posts\/15\/revisions"}],"predecessor-version":[{"id":45,"href":"https:\/\/blogs.amb.cat\/alimentaciometropolitana\/wp-json\/wp\/v2\/posts\/15\/revisions\/45"}],"wp:featuredmedia":[{"embeddable":true,"href":"https:\/\/blogs.amb.cat\/alimentaciometropolitana\/wp-json\/wp\/v2\/media\/20"}],"wp:attachment":[{"href":"https:\/\/blogs.amb.cat\/alimentaciometropolitana\/wp-json\/wp\/v2\/media?parent=15"}],"wp:term":[{"taxonomy":"category","embeddable":true,"href":"https:\/\/blogs.amb.cat\/alimentaciometropolitana\/wp-json\/wp\/v2\/categories?post=15"},{"taxonomy":"post_tag","embeddable":true,"href":"https:\/\/blogs.amb.cat\/alimentaciometropolitana\/wp-json\/wp\/v2\/tags?post=15"}],"curies":[{"name":"wp","href":"https:\/\/api.w.org\/{rel}","templated":true}]}}