
 







{"id":1510,"date":"2025-10-20T13:27:00","date_gmt":"2025-10-20T11:27:00","guid":{"rendered":"https:\/\/blogs.amb.cat\/alimentaciometropolitana\/?p=1510"},"modified":"2025-10-31T10:06:07","modified_gmt":"2025-10-31T08:06:07","slug":"renovat-el-certificat-en-agricultura-ecologica-del-compost-de-la-planta-de-torrelles","status":"publish","type":"post","link":"https:\/\/blogs.amb.cat\/alimentaciometropolitana\/2025\/10\/20\/renovat-el-certificat-en-agricultura-ecologica-del-compost-de-la-planta-de-torrelles\/","title":{"rendered":"Renovat el certificat en agricultura ecol\u00f2gica del compost de la planta de Torrelles"},"content":{"rendered":"\n<p>L\u2019\u00c0rea Metropolitana de Barcelona (AMB) va rebre, el passat 1 d\u2019octubre, la renovaci\u00f3 del certificat en agricultura ecol\u00f2gica per aplicar el compost de la <a rel=\"noreferrer noopener\" href=\"https:\/\/www.amb.cat\/ca\/web\/medi-ambient\/residus\/instalacions-i-equipaments\/detall\/-\/equipament\/planta-de-compostatge-de-torrelles\/375451\/11818\" target=\"_blank\">planta de compostatge de Torrelles de Llobregat<\/a>. El lliurament el va fer la\u00a0<a href=\"https:\/\/www.caae.es\/\">CAAE<\/a>, entitat de certificaci\u00f3 que acredita que el producte compleix els requisits de la Norma UNE 142500, durant la\u00a0<a href=\"https:\/\/www.ifema.es\/fruit-attraction\">Fira Fruit Attraction<\/a>\u00a0a IFEMA (Madrid), a la qual va assistir\u00a0personal t\u00e8cnic de la Direcci\u00f3 de Serveis de Prevenci\u00f3 i Gesti\u00f3 de Residus de l\u2019AMB.<\/p>\n\n\n\n<h3>6.500 tones de bioresidus municipals<\/h3>\n\n\n\n<p>Una de les l\u00ednies priorit\u00e0ries del&nbsp;<strong><a href=\"https:\/\/www.premet25.cat\/\" target=\"_blank\" rel=\"noreferrer noopener\">Programa metropolit\u00e0 de prevenci\u00f3 i gesti\u00f3 de recursos i residus municipals 2019-2025 (PREMET25)<\/a><\/strong>&nbsp;\u00e9s la millora cont\u00ednua dels processos que es duen a terme a les plantes de tractament per recuperar material valoritzable o per tractar el&nbsp;rebuig de les plantes per incrementar-ne l&#8217;efici\u00e8ncia.<\/p>\n\n\n\n<p>Aquest \u00e9s el cas de la mat\u00e8ria org\u00e0nica que arriba a la planta de compostatge de Torrelles: se\u2019n pot recuperar una gran part i convertir-la en esmena o adob org\u00e0nic per al&nbsp;s\u00f2l, que es pot emprar tant en jardineria com en agricultura. Aquests \u00faltims anys s\u2019ha treballat en la millora cont\u00ednua del producte obtingut, i la renovaci\u00f3 de la certificaci\u00f3 de compost d\u2019agricultura ecol\u00f2gica aix\u00ed ho confirma.<\/p>\n\n\n\n<p>En la instal\u00b7laci\u00f3 de compostatge de Torrelles de Llobregat, inaugurada el 1996 i pionera a Catalunya, es tracten cada any un total de 6.500 tones de bioresidus municipals, entre fracci\u00f3 org\u00e0nica seleccionada en origen (\u00e9s a dir, residus org\u00e0nics dipositats pels ciutadans als contenidors marrons) i fracci\u00f3 vegetal (procedents dels serveis de poda i jardineria municipals).<\/p>\n\n\n\n<figure class=\"wp-block-gallery columns-3 is-cropped\"><ul class=\"blocks-gallery-grid\"><li class=\"blocks-gallery-item\"><figure><img width=\"1024\" height=\"768\" src=\"https:\/\/blogs.amb.cat\/alimentaciometropolitana\/wp-content\/uploads\/sites\/14\/2025\/10\/Compost_T_1-1024x768.jpg\" alt=\"\" data-id=\"1513\" data-full-url=\"https:\/\/blogs.amb.cat\/alimentaciometropolitana\/wp-content\/uploads\/sites\/14\/2025\/10\/Compost_T_1.jpg\" data-link=\"https:\/\/blogs.amb.cat\/alimentaciometropolitana\/?attachment_id=1513\" class=\"wp-image-1513\" srcset=\"https:\/\/blogs.amb.cat\/alimentaciometropolitana\/wp-content\/uploads\/sites\/14\/2025\/10\/Compost_T_1-1024x768.jpg 1024w, https:\/\/blogs.amb.cat\/alimentaciometropolitana\/wp-content\/uploads\/sites\/14\/2025\/10\/Compost_T_1-300x225.jpg 300w, https:\/\/blogs.amb.cat\/alimentaciometropolitana\/wp-content\/uploads\/sites\/14\/2025\/10\/Compost_T_1-768x576.jpg 768w, https:\/\/blogs.amb.cat\/alimentaciometropolitana\/wp-content\/uploads\/sites\/14\/2025\/10\/Compost_T_1-1536x1152.jpg 1536w, https:\/\/blogs.amb.cat\/alimentaciometropolitana\/wp-content\/uploads\/sites\/14\/2025\/10\/Compost_T_1.jpg 1600w\" sizes=\"(max-width: 1024px) 100vw, 1024px\" \/><\/figure><\/li><li class=\"blocks-gallery-item\"><figure><img width=\"1024\" height=\"682\" src=\"https:\/\/blogs.amb.cat\/alimentaciometropolitana\/wp-content\/uploads\/sites\/14\/2025\/10\/Compost_T_3-1024x682.jpg\" alt=\"\" data-id=\"1514\" data-full-url=\"https:\/\/blogs.amb.cat\/alimentaciometropolitana\/wp-content\/uploads\/sites\/14\/2025\/10\/Compost_T_3.jpg\" data-link=\"https:\/\/blogs.amb.cat\/alimentaciometropolitana\/?attachment_id=1514\" class=\"wp-image-1514\" srcset=\"https:\/\/blogs.amb.cat\/alimentaciometropolitana\/wp-content\/uploads\/sites\/14\/2025\/10\/Compost_T_3-1024x682.jpg 1024w, https:\/\/blogs.amb.cat\/alimentaciometropolitana\/wp-content\/uploads\/sites\/14\/2025\/10\/Compost_T_3-300x200.jpg 300w, https:\/\/blogs.amb.cat\/alimentaciometropolitana\/wp-content\/uploads\/sites\/14\/2025\/10\/Compost_T_3-768x512.jpg 768w, https:\/\/blogs.amb.cat\/alimentaciometropolitana\/wp-content\/uploads\/sites\/14\/2025\/10\/Compost_T_3-1536x1023.jpg 1536w, https:\/\/blogs.amb.cat\/alimentaciometropolitana\/wp-content\/uploads\/sites\/14\/2025\/10\/Compost_T_3.jpg 1600w\" sizes=\"(max-width: 1024px) 100vw, 1024px\" \/><\/figure><\/li><li class=\"blocks-gallery-item\"><figure><img width=\"1024\" height=\"682\" src=\"https:\/\/blogs.amb.cat\/alimentaciometropolitana\/wp-content\/uploads\/sites\/14\/2025\/10\/Compost_T_4-1024x682.jpg\" alt=\"\" data-id=\"1515\" data-full-url=\"https:\/\/blogs.amb.cat\/alimentaciometropolitana\/wp-content\/uploads\/sites\/14\/2025\/10\/Compost_T_4.jpg\" data-link=\"https:\/\/blogs.amb.cat\/alimentaciometropolitana\/?attachment_id=1515\" class=\"wp-image-1515\" srcset=\"https:\/\/blogs.amb.cat\/alimentaciometropolitana\/wp-content\/uploads\/sites\/14\/2025\/10\/Compost_T_4-1024x682.jpg 1024w, https:\/\/blogs.amb.cat\/alimentaciometropolitana\/wp-content\/uploads\/sites\/14\/2025\/10\/Compost_T_4-300x200.jpg 300w, https:\/\/blogs.amb.cat\/alimentaciometropolitana\/wp-content\/uploads\/sites\/14\/2025\/10\/Compost_T_4-768x512.jpg 768w, https:\/\/blogs.amb.cat\/alimentaciometropolitana\/wp-content\/uploads\/sites\/14\/2025\/10\/Compost_T_4-1536x1023.jpg 1536w, https:\/\/blogs.amb.cat\/alimentaciometropolitana\/wp-content\/uploads\/sites\/14\/2025\/10\/Compost_T_4.jpg 1600w\" sizes=\"(max-width: 1024px) 100vw, 1024px\" \/><\/figure><\/li><\/ul><\/figure>\n\n\n\n<h3>Com funciona el proc\u00e9s de compostatge?<\/h3>\n\n\n\n<p>La planta de compostatge de Torrelles de Llobregat \u00e9s una de les instal\u00b7lacions de tractament de residus gestionades per l&#8217;AMB. En aquesta instal\u00b7laci\u00f3 s&#8217;hi reben els residus de la fracci\u00f3 org\u00e0nica dels municipis propers i se sotmeten a un proc\u00e9s de descomposici\u00f3 per obtenir-ne un compost de bona qualitat, que posteriorment s&#8217;empra com a adob d&#8217;\u00fas agr\u00edcola.<\/p>\n\n\n\n<p>La fracci\u00f3 org\u00e0nica de residus municipals (FORM) s&#8217;aboca en una voltejadora o m\u00e0quina Unifeed per obrir bosses. Posteriorment, es fa circular el material per un tambor rotatiu per extreure&#8217;n els possibles impropis que pugui tenir el material. La fracci\u00f3 org\u00e0nica s&#8217;envia al proc\u00e9s de compostatge i la fracci\u00f3 d&#8217;impropis es transporta a un separador magn\u00e8tic per apartar-ne material f\u00e8rric i recuperar-lo.<br><br>El compostatge \u00e9s un proc\u00e9s de degradaci\u00f3 de la mat\u00e8ria org\u00e0nica en pres\u00e8ncia d&#8217;oxigen. La durada total del proc\u00e9s pot oscil\u00b7lar entre les 12 i les 16 setmanes. A fi de garantir l&#8217;eliminaci\u00f3 de pat\u00f2gens i males herbes, durant el proc\u00e9s de compostatge s&#8217;han d&#8217;assolir temperatures term\u00f2files.<br><br>La fase de descomposici\u00f3 de la mat\u00e8ria org\u00e0nica, que acostuma a ser de vuit setmanes, t\u00e9 lloc en trinxeres amb aeraci\u00f3 for\u00e7ada i rec autom\u00e0tic. La fase de maduraci\u00f3 es fa en piles est\u00e0tiques durant sis setmanes m\u00e9s. El producte que s&#8217;obt\u00e9 despr\u00e9s de l&#8217;etapa d&#8217;afinament \u00e9s el compost.<\/p>\n\n\n\n<h3>Vols con\u00e8ixer de primera m\u00e0 la planta de compostatge?<\/h3>\n\n\n\n<p>En el marc del <a rel=\"noreferrer noopener\" href=\"https:\/\/www.amb.cat\/web\/medi-ambient\/sostenibilitat\/educacio-ambiental\/sobre-el-programa\" target=\"_blank\">programa Compartim un Futur<\/a> de l&#8217;AMB, la planta de compostatge de Torrelles de Llobregat \u00e9s una de les instal\u00b7lacions que la comunitat educativa, les fam\u00edlies o el p\u00fablic en general (a partir de 8 anys) poden visitar. Cal fer reserva pr\u00e8via a trav\u00e9s de l&#8217;<a rel=\"noreferrer noopener\" href=\"https:\/\/www.amb.cat\/ca\/web\/medi-ambient\/agenda\/detall\/-\/activitat\/planta-de-compostatge-de-torrelles-de-llobregat\/284135\/11818\" target=\"_blank\">enlla\u00e7 d&#8217;inscripcions<\/a>.<\/p>\n\n\n\n<p>La visita a la instal\u00b7laci\u00f3 est\u00e0 dividida en tres parts: (1) Introducci\u00f3 a la gesti\u00f3 dels residus del territori metropolit\u00e0; (2) Circuit de visites i (3) Din\u00e0mica final i conclusions, tot reflexionant sobre la responsabilitat de la ciutadania de cara a fer una gesti\u00f3 sostenible dels recursos i els residus.<\/p>\n\n\n\n<p>A m\u00e9s, en aquest <a rel=\"noreferrer noopener\" href=\"https:\/\/www.amb.cat\/ca\/web\/medi-ambient\/actualitat\/publicacions\/detall\/-\/publicacio\/planta-de-compostatge-de-torrelles-de-llobregat\/435675\/11818\" target=\"_blank\">enlla\u00e7<\/a> hi ha materials educatius amb activitats, pr\u00e8vies i posteriors, adre\u00e7ades a alumnes de prim\u00e0ria i d&#8217;educaci\u00f3 secund\u00e0ria. A trav\u00e9s de diferents activitats s&#8217;aprenen conceptes relacionats amb la gesti\u00f3 de residus i el funcionament de la planta de compostatge, i s&#8217;insta a reflexionar sobre h\u00e0bits de consum i reciclatge.<\/p>\n\n\n\n<p><\/p>\n","protected":false},"excerpt":{"rendered":"<p>L\u2019\u00c0rea Metropolitana de Barcelona (AMB) va rebre, el passat 1 d\u2019octubre, la renovaci\u00f3 del certificat en agricultura ecol\u00f2gica per aplicar el compost de la planta de compostatge de Torrelles de Llobregat. El lliurament el va fer la\u00a0CAAE, entitat de certificaci\u00f3 que acredita que el producte compleix els requisits de la Norma UNE 142500, durant la\u00a0Fira [&hellip;]<\/p>\n","protected":false},"author":49,"featured_media":1511,"comment_status":"closed","ping_status":"open","sticky":false,"template":"","format":"standard","meta":{"_oasis_is_in_workflow":0,"_oasis_original":0,"ngg_post_thumbnail":0},"categories":[183,184],"tags":[],"_links":{"self":[{"href":"https:\/\/blogs.amb.cat\/alimentaciometropolitana\/wp-json\/wp\/v2\/posts\/1510"}],"collection":[{"href":"https:\/\/blogs.amb.cat\/alimentaciometropolitana\/wp-json\/wp\/v2\/posts"}],"about":[{"href":"https:\/\/blogs.amb.cat\/alimentaciometropolitana\/wp-json\/wp\/v2\/types\/post"}],"author":[{"embeddable":true,"href":"https:\/\/blogs.amb.cat\/alimentaciometropolitana\/wp-json\/wp\/v2\/users\/49"}],"replies":[{"embeddable":true,"href":"https:\/\/blogs.amb.cat\/alimentaciometropolitana\/wp-json\/wp\/v2\/comments?post=1510"}],"version-history":[{"count":6,"href":"https:\/\/blogs.amb.cat\/alimentaciometropolitana\/wp-json\/wp\/v2\/posts\/1510\/revisions"}],"predecessor-version":[{"id":1545,"href":"https:\/\/blogs.amb.cat\/alimentaciometropolitana\/wp-json\/wp\/v2\/posts\/1510\/revisions\/1545"}],"wp:featuredmedia":[{"embeddable":true,"href":"https:\/\/blogs.amb.cat\/alimentaciometropolitana\/wp-json\/wp\/v2\/media\/1511"}],"wp:attachment":[{"href":"https:\/\/blogs.amb.cat\/alimentaciometropolitana\/wp-json\/wp\/v2\/media?parent=1510"}],"wp:term":[{"taxonomy":"category","embeddable":true,"href":"https:\/\/blogs.amb.cat\/alimentaciometropolitana\/wp-json\/wp\/v2\/categories?post=1510"},{"taxonomy":"post_tag","embeddable":true,"href":"https:\/\/blogs.amb.cat\/alimentaciometropolitana\/wp-json\/wp\/v2\/tags?post=1510"}],"curies":[{"name":"wp","href":"https:\/\/api.w.org\/{rel}","templated":true}]}}