
 







{"id":157,"date":"2021-06-09T13:00:00","date_gmt":"2021-06-09T11:00:00","guid":{"rendered":"https:\/\/blogs.amb.cat\/alimentaciometropolitana\/?p=157"},"modified":"2021-06-10T11:12:02","modified_gmt":"2021-06-10T09:12:02","slug":"salvar-els-aliments-del-desaprofitament","status":"publish","type":"post","link":"https:\/\/blogs.amb.cat\/alimentaciometropolitana\/2021\/06\/09\/salvar-els-aliments-del-desaprofitament\/","title":{"rendered":"Salvar els aliments del desaprofitament"},"content":{"rendered":"\n<p class=\"has-medium-font-size\">Espigolar ha esdevingut la pr\u00e0ctica m\u00e9s efica\u00e7 contra el malbaratament al sector primari<\/p>\n\n\n\n<p>El sistema alimentari planteja una gran paradoxa: com pot ser que <strong>un ter\u00e7 dels aliments produ\u00efts arreu del m\u00f3n<\/strong> i en bones condicions per al&nbsp; consum acabin a les escombraries, mentre el 10% de la poblaci\u00f3 mundial (<strong>690 milions de persones) passen gana<\/strong> cada dia?&nbsp;<\/p>\n\n\n\n<p>La p\u00e8rdua d\u2019aliments en bon estat es genera a tots els esglaons de la cadena aliment\u00e0ria, comen\u00e7ant pel sector primari, \u00e9s a dir, el camp. Segons l\u2019estudi <a href=\"https:\/\/issuu.com\/espigoladors\/docs\/informe_tornem_a_espigolar\" target=\"_blank\" rel=\"noreferrer noopener\">Tornar a espigolar: l\u2019espigolament una eina de transformaci\u00f3 social?<\/a>, les causes que provoquen les p\u00e8rdues aliment\u00e0ries a les collites s\u00f3n diverses. Per\u00f2 les m\u00e9s rellevants s\u00f3n dues: la <strong>sobreoferta<\/strong> causada per la importaci\u00f3 d\u2019aliments (amb la <strong>baixada de preus <\/strong>conseg\u00fcent) i les <strong>exig\u00e8ncies del mercat<\/strong> i els <strong>criteris est\u00e8tics, <\/strong>que obliguen a descartar certs aliments.&nbsp;<\/p>\n\n\n\n<p>En tots dos casos els pagesos es troben amb un excedent de producte dif\u00edcil de gestionar i sovint la collita, que inicialment s\u2019havia de vendre i consumir, s\u2019acaba malbaratant .&nbsp;<\/p>\n\n\n\n<p>Tamb\u00e9 es devaluen els recursos necessaris per produir els aliments que acaben a les escombraries: el temps, l\u2019esfor\u00e7 hum\u00e0, l\u2019aigua, l&#8217;energia, etc. I mentre tot aix\u00f2 es perd, queda&nbsp; l\u2019<strong>impacte mediambiental<\/strong> generat per l\u2019activitat agr\u00e0ria, com la <strong>degradaci\u00f3 del s\u00f2l<\/strong> i la <strong>producci\u00f3 de CO\u2082<\/strong>, entre d\u2019altres.&nbsp;<\/p>\n\n\n\n<p><strong>Espigolar contra el malbaratament <br><\/strong>Amb&nbsp; la conscienciaci\u00f3 creixent de la societat&nbsp; davant del malbaratament alimentari, cada vegada sorgeixen m\u00e9s accions per alleugerir-lo: des de tallers de cuina amb aliments recuperats, organitzaci\u00f3 de dinars d\u2019aprofitament, fins a <a href=\"https:\/\/blogs.amb.cat\/alimentaciometropolitana\/2021\/04\/13\/sant-jordi-contra-el-malbaratament-alimentari\/\">campanyes de sensibilitzaci\u00f3 als c<\/a><a href=\"https:\/\/blogs.amb.cat\/alimentaciometropolitana\/2021\/04\/13\/sant-jordi-contra-el-malbaratament-alimentari\/\" target=\"_blank\" rel=\"noreferrer noopener\">e<\/a><a href=\"https:\/\/blogs.amb.cat\/alimentaciometropolitana\/2021\/04\/13\/sant-jordi-contra-el-malbaratament-alimentari\/\">ntres educatius<\/a>.&nbsp;<\/p>\n\n\n\n<p>Al camp, una de les accions m\u00e9s destacades \u00e9s <strong>espigolar,<\/strong> una t\u00e8cnica mil\u00b7len\u00e0ria que consisteix a <strong>recollir els aliments sobrants del conreu<\/strong> per donar-los una segona vida. Aquesta \u00e9s la tasca d\u2019<a href=\"https:\/\/espigoladors.cat\/ca\/\" target=\"_blank\" rel=\"noreferrer noopener\"><strong>Espigoladors,<\/strong><\/a> una organitzaci\u00f3 sense \u00e0nim de lucre sorgida al <strong>Llobregat<\/strong> que des de fa set anys es dedica a <strong>recollir, donar<\/strong> i<strong> transformar<\/strong> <strong>aliments<\/strong> <strong>malbaratats<\/strong>, alhora que sensibilitza sobre la problem\u00e0tica del <strong>desaprofitament alimentari<\/strong>.&nbsp;<\/p>\n\n\n\n<p>L\u2019entitat, amb el consentiment previ del productor, mensualment organitza diverses <em>espigolades<\/em> de fruita i verdura a diferents conreus, sobretot a l\u2019<strong>\u00e0rea metropolitana de Barcelona. <\/strong>Amb l\u2019ajut d\u2019una xarxa \u00e0mplia de voluntaris i volunt\u00e0ries recullen els aliments que es descarten per vendre, directament al camp. I despr\u00e9s aquests productes es distribueixen gratu\u00eftament a entitats socials com la <strong>Creu Roja<\/strong>, el <strong>Banc dels Aliments<\/strong>, <strong>C\u00e0ritas, Nevera Solid\u00e0ria<\/strong> i altres, per garantir l\u2019acc\u00e9s a una alimentaci\u00f3 adequada i saludable. Cal recordar que nom\u00e9s <strong>a Catalunya el 24,7% de la poblaci\u00f3 es troba en risc de pobresa<\/strong> (Idescat, 2018), una situaci\u00f3 que s\u2019ha vist agreujada amb la crisi sanit\u00e0ria.&nbsp;<\/p>\n\n\n\n<p><strong>Segones oportunitats<\/strong><br>Al barri de Sant Cosme (El Prat de Llobregat) hi ha l\u2019obrador <a href=\"https:\/\/espigoladors.cat\/es-im-perfect\/\" target=\"_blank\" rel=\"noreferrer noopener\"><strong>\u00e9s-imperfect<\/strong><\/a>: un espai d\u2019<strong>Espigoladors<\/strong> on s\u2019hi transformen fruites i verdures rebutjades per raons est\u00e8tiques. S\u2019aprofiten per fer-ne pat\u00e9s, cremes i melmelades que despr\u00e9s es comercialitzen, perqu\u00e8 s\u00f3n productes <strong>de qualitat, Km0<\/strong> i amb un <strong>valor mediambiental <\/strong>i <strong>social <\/strong>afegit. En comprar-los no nom\u00e9s es lluita contra el desaprofitament d\u2019aliments sin\u00f3 que, a m\u00e9s, es promou la <strong>inclusi\u00f3 social: <\/strong>la majoria d\u2019empleats i empleades de l\u2019obrador s\u00f3n persones en risc d\u2019exclusi\u00f3 social.<\/p>\n\n\n\n<p>L\u2019any 2019 Espigoladors va recollir <strong>235.202 kg d&#8217;aliments <\/strong>que haurien acabat a les escombraries, una acci\u00f3 que va estalviar <strong>151 milions de litres d\u2019aigua<\/strong> i<strong> 114.073 kg d\u2019emissions de CO\u2082<\/strong>.&nbsp;&nbsp;&nbsp;<\/p>\n","protected":false},"excerpt":{"rendered":"<p>Espigolar ha esdevingut la pr\u00e0ctica m\u00e9s efica\u00e7 contra el malbaratament al sector primari El sistema alimentari planteja una gran paradoxa: com pot ser que un ter\u00e7 dels aliments produ\u00efts arreu del m\u00f3n i en bones condicions per al&nbsp; consum acabin a les escombraries, mentre el 10% de la poblaci\u00f3 mundial (690 milions de persones) passen [&hellip;]<\/p>\n","protected":false},"author":39,"featured_media":158,"comment_status":"closed","ping_status":"open","sticky":false,"template":"","format":"standard","meta":{"_oasis_is_in_workflow":0,"_oasis_original":0,"ngg_post_thumbnail":0},"categories":[1],"tags":[54,14,47,65,66,23],"_links":{"self":[{"href":"https:\/\/blogs.amb.cat\/alimentaciometropolitana\/wp-json\/wp\/v2\/posts\/157"}],"collection":[{"href":"https:\/\/blogs.amb.cat\/alimentaciometropolitana\/wp-json\/wp\/v2\/posts"}],"about":[{"href":"https:\/\/blogs.amb.cat\/alimentaciometropolitana\/wp-json\/wp\/v2\/types\/post"}],"author":[{"embeddable":true,"href":"https:\/\/blogs.amb.cat\/alimentaciometropolitana\/wp-json\/wp\/v2\/users\/39"}],"replies":[{"embeddable":true,"href":"https:\/\/blogs.amb.cat\/alimentaciometropolitana\/wp-json\/wp\/v2\/comments?post=157"}],"version-history":[{"count":2,"href":"https:\/\/blogs.amb.cat\/alimentaciometropolitana\/wp-json\/wp\/v2\/posts\/157\/revisions"}],"predecessor-version":[{"id":160,"href":"https:\/\/blogs.amb.cat\/alimentaciometropolitana\/wp-json\/wp\/v2\/posts\/157\/revisions\/160"}],"wp:featuredmedia":[{"embeddable":true,"href":"https:\/\/blogs.amb.cat\/alimentaciometropolitana\/wp-json\/wp\/v2\/media\/158"}],"wp:attachment":[{"href":"https:\/\/blogs.amb.cat\/alimentaciometropolitana\/wp-json\/wp\/v2\/media?parent=157"}],"wp:term":[{"taxonomy":"category","embeddable":true,"href":"https:\/\/blogs.amb.cat\/alimentaciometropolitana\/wp-json\/wp\/v2\/categories?post=157"},{"taxonomy":"post_tag","embeddable":true,"href":"https:\/\/blogs.amb.cat\/alimentaciometropolitana\/wp-json\/wp\/v2\/tags?post=157"}],"curies":[{"name":"wp","href":"https:\/\/api.w.org\/{rel}","templated":true}]}}