
 







{"id":1596,"date":"2025-11-24T16:37:00","date_gmt":"2025-11-24T14:37:00","guid":{"rendered":"https:\/\/blogs.amb.cat\/alimentaciometropolitana\/?p=1596"},"modified":"2025-12-05T10:35:43","modified_gmt":"2025-12-05T08:35:43","slug":"lamb-organitza-el-3-de-desembre-una-jornada-de-sensibilitzacio-sobre-els-usos-de-laigua-regenerada","status":"publish","type":"post","link":"https:\/\/blogs.amb.cat\/alimentaciometropolitana\/2025\/11\/24\/lamb-organitza-el-3-de-desembre-una-jornada-de-sensibilitzacio-sobre-els-usos-de-laigua-regenerada\/","title":{"rendered":"L&#8217;AMB organitza el 3 de desembre una jornada de sensibilitzaci\u00f3 sobre els usos de l&#8217;aigua regenerada"},"content":{"rendered":"\n<p>En el context del projecte europeu <a rel=\"noreferrer noopener\" href=\"https:\/\/interreg-sudoe.eu\/proyecto-interreg\/i-rewater\/\" target=\"_blank\">i-ReWater<\/a>, el proper dimecres 3 de desembre l&#8217;\u00c0rea Metropolitana de Barcelona organitza una jornada a la seva seu (sala d&#8217;actes) centrada en la sensibilitzaci\u00f3 sobre els usos de l&#8217;aigua regenerada: experi\u00e8ncies, reptes i oportunitats.<\/p>\n\n\n\n<p><strong><span style=\"color:#162731\" class=\"has-inline-color\">USOS DE L&#8217;AIGUA REGENERADA: EXPERI\u00c8NCIES, REPTES I OPORTUNITATS<\/span><\/strong><\/p>\n\n\n\n<p><strong><a rel=\"noreferrer noopener\" href=\"https:\/\/docs.amb.cat\/alfresco\/api\/-default-\/public\/alfresco\/versions\/1\/nodes\/6b5c2b1b-084f-4aaf-af3c-0db8add5499b\/content\/20251121_Programa%20AMB%20i-ReWater.pdf?attachment=false&amp;mimeType=application\/pdf&amp;sizeInBytes=8777973\" target=\"_blank\">PROGRAMA<\/a><\/strong><\/p>\n\n\n\n<figure class=\"wp-block-table is-style-stripes\"><table><tbody><tr><td>9.00 h<\/td><td><strong>Sessi\u00f3 d&#8217;obertura<\/strong><br>M. \u00c0ngels Or\u00fas. Coordinadora de Control d\u2019Abocaments, Sanejament i Regeneraci\u00f3. \u00c0rea Metropolitana de Barcelona (AMB)<\/td><\/tr><tr><td>9.05 h<\/td><td><strong>Presentaci\u00f3 del Projecte i-ReWater<\/strong><br>Javier Cancela. Coordinador del Projecte i-ReWater. Universitat de Santiago de Compostela (USC)<br>Elena Argelich. Cap de l&#8217;Oficina de Programes i Finan\u00e7ament Europeu. AMB<\/td><\/tr><tr><td>9.20 h<\/td><td><strong>L\u2019aigua regenerada a Catalunya: reptes de la reutilitzaci\u00f3 a Catalunya<\/strong><br>Clara Corbella. T\u00e8cnica responsable de Projectes. Departament de Regulaci\u00f3 de Serveis d\u2019Abastament. Ag\u00e8ncia Catalana de l\u2019Aigua (ACA)<\/td><\/tr><tr><td>9.40 h<\/td><td><strong>Planificaci\u00f3 i adaptaci\u00f3 davant de la sequera en el context municipal<\/strong><br>Bego\u00f1a Mart\u00ednez. Cap de l\u2019\u00c0rea d\u2019Ecologia. Consorci Bes\u00f2s Tordera (CBT)<\/td><\/tr><tr><td>10.00 h<\/td><td>Pausa<\/td><\/tr><tr><td>10.30 h<\/td><td><strong>Projecte i-ReWater: estrat\u00e8gia transversal per a l\u2019\u00fas d\u2019aigua regenerada en el context agr\u00edcola<\/strong><br>Maria Huerta. T\u00e8cnica del Servei de Sanejament i Regeneraci\u00f3. AMB<\/td><\/tr><tr><td>10.50 h<\/td><td><strong>Sostenibilitat i economia circular: alimentaci\u00f3 i aigua regenerada<\/strong><br>Anna Moreso. T\u00e8cnica de la Direcci\u00f3 de Serveis d\u2019An\u00e0lisi de Pol\u00edtiques Metropolitanes. AMB<\/td><\/tr><tr><td>11.10 h<\/td><td><strong>Taula rodona. Aigua regenerada: reptes de futur en el context agr\u00edcola<\/strong><br>Clara Corbella. T\u00e8cnica responsable de Projectes. ACA<br>Bego\u00f1a Mart\u00ednez. Directora d\u2019Ecologia i Planificaci\u00f3. CBT<br>Anna Casanovas. T\u00e8cnica del Consorci del Parc Agrari del Baix Llobregat<br>Marta Maldonado. T\u00e8cnica de l&#8217;Oficina del Regant- EA T\u00e0rrega (DARPA)<br><br>Modera: Alexander Prada. Cap del Servei de Sanejament i Regeneraci\u00f3. AMB<\/td><\/tr><tr><td>11.50 h<\/td><td><strong>Proc\u00e9s participatiu: enquesta<\/strong><\/td><\/tr><tr><td>12.00 h<\/td><td><strong>Clausura<\/strong><\/td><\/tr><\/tbody><\/table><\/figure>\n\n\n\n<p>Per assistir-hi, cal inscriure\u2019s <a rel=\"noreferrer noopener\" href=\"https:\/\/www.amb.cat\/web\/amb\/agenda\/inscripcions\/aigua-regenerada\" target=\"_blank\">en aquest enlla\u00e7<\/a>.<\/p>\n\n\n\n<p><\/p>\n\n\n\n<p><\/p>\n\n\n\n<p><strong>Sobre el projecte i-ReWater<\/strong><\/p>\n\n\n\n<p>El projecte <a rel=\"noreferrer noopener\" href=\"https:\/\/interreg-sudoe.eu\/proyecto-interreg\/i-rewater\/\" target=\"_blank\">i-ReWater<\/a>, aprovat durant la convocat\u00f2ria del Programa Interreg Sudoe 2021-2027, disposa d&#8217;un pressupost de m\u00e9s de 2,2 M\u20ac finan\u00e7ats en un 75 % pel fons FEDER. Hi participen 15 socis de Fran\u00e7a, Portugal, Espanya i Andorra.<\/p>\n\n\n\n<p>Durant el per\u00edode 2024-2026, l&#8217;objectiu principal del projecte i-ReWater es basa a millorar la gesti\u00f3 dels recursos h\u00eddrics en l&#8217;agricultura, integrant l&#8217;\u00fas d&#8217;aigua urbana regenerada en cultius agr\u00edcoles i tenint en compte aspectes ambientals que n&#8217;asseguren el bon \u00fas en el context actual de crisi clim\u00e0tica. El resultat final ser\u00e0 la presentaci\u00f3 d&#8217;una \u00abEstrat\u00e8gia transnacional d&#8217;\u00fas d&#8217;aigua regenerada\u00bb i el \u00abHub de recursos d&#8217;aigua regenerada a l&#8217;agricultura\u00bb.<\/p>\n\n\n\n<p>L\u2019\u00c0rea del Cicle de l&#8217;Aigua i An\u00e0lisi de Pol\u00edtiques Metropolitanes de l&#8217;AMB coordina una de les 15 accions pilot que s&#8217;est\u00e0 duent a terme en el marc del projecte, concretament a la zona del Baix Llobregat. S\u2019estudia l\u2019\u00fas de l\u2019aigua regenerada com a aigua de reg per a cultius hort\u00edcoles en contacte estret amb el territori per avaluar-ne l\u2019impacte sobre el cultiu i el s\u00f2l i per donar resposta als requisits de la nova normativa d\u2019aig\u00fces regenerades.<\/p>\n\n\n\n<figure class=\"wp-block-image size-large\"><img width=\"741\" height=\"481\" src=\"https:\/\/blogs.amb.cat\/alimentaciometropolitana\/wp-content\/uploads\/sites\/14\/2025\/11\/Mapa-I-ReWater-741x481px.png\" alt=\"\" class=\"wp-image-1597\" srcset=\"https:\/\/blogs.amb.cat\/alimentaciometropolitana\/wp-content\/uploads\/sites\/14\/2025\/11\/Mapa-I-ReWater-741x481px.png 741w, https:\/\/blogs.amb.cat\/alimentaciometropolitana\/wp-content\/uploads\/sites\/14\/2025\/11\/Mapa-I-ReWater-741x481px-300x195.png 300w\" sizes=\"(max-width: 741px) 100vw, 741px\" \/><\/figure>\n","protected":false},"excerpt":{"rendered":"<p>En el context del projecte europeu i-ReWater, el proper dimecres 3 de desembre l&#8217;\u00c0rea Metropolitana de Barcelona organitza una jornada a la seva seu (sala d&#8217;actes) centrada en la sensibilitzaci\u00f3 sobre els usos de l&#8217;aigua regenerada: experi\u00e8ncies, reptes i oportunitats. USOS DE L&#8217;AIGUA REGENERADA: EXPERI\u00c8NCIES, REPTES I OPORTUNITATS PROGRAMA 9.00 h Sessi\u00f3 d&#8217;oberturaM. \u00c0ngels Or\u00fas. [&hellip;]<\/p>\n","protected":false},"author":49,"featured_media":1667,"comment_status":"closed","ping_status":"open","sticky":false,"template":"","format":"standard","meta":{"_oasis_is_in_workflow":0,"_oasis_original":0,"ngg_post_thumbnail":0},"categories":[1,183],"tags":[],"_links":{"self":[{"href":"https:\/\/blogs.amb.cat\/alimentaciometropolitana\/wp-json\/wp\/v2\/posts\/1596"}],"collection":[{"href":"https:\/\/blogs.amb.cat\/alimentaciometropolitana\/wp-json\/wp\/v2\/posts"}],"about":[{"href":"https:\/\/blogs.amb.cat\/alimentaciometropolitana\/wp-json\/wp\/v2\/types\/post"}],"author":[{"embeddable":true,"href":"https:\/\/blogs.amb.cat\/alimentaciometropolitana\/wp-json\/wp\/v2\/users\/49"}],"replies":[{"embeddable":true,"href":"https:\/\/blogs.amb.cat\/alimentaciometropolitana\/wp-json\/wp\/v2\/comments?post=1596"}],"version-history":[{"count":6,"href":"https:\/\/blogs.amb.cat\/alimentaciometropolitana\/wp-json\/wp\/v2\/posts\/1596\/revisions"}],"predecessor-version":[{"id":1688,"href":"https:\/\/blogs.amb.cat\/alimentaciometropolitana\/wp-json\/wp\/v2\/posts\/1596\/revisions\/1688"}],"wp:featuredmedia":[{"embeddable":true,"href":"https:\/\/blogs.amb.cat\/alimentaciometropolitana\/wp-json\/wp\/v2\/media\/1667"}],"wp:attachment":[{"href":"https:\/\/blogs.amb.cat\/alimentaciometropolitana\/wp-json\/wp\/v2\/media?parent=1596"}],"wp:term":[{"taxonomy":"category","embeddable":true,"href":"https:\/\/blogs.amb.cat\/alimentaciometropolitana\/wp-json\/wp\/v2\/categories?post=1596"},{"taxonomy":"post_tag","embeddable":true,"href":"https:\/\/blogs.amb.cat\/alimentaciometropolitana\/wp-json\/wp\/v2\/tags?post=1596"}],"curies":[{"name":"wp","href":"https:\/\/api.w.org\/{rel}","templated":true}]}}