
 







{"id":162,"date":"2021-05-29T08:16:00","date_gmt":"2021-05-29T06:16:00","guid":{"rendered":"https:\/\/blogs.amb.cat\/alimentaciometropolitana\/?p=162"},"modified":"2021-06-13T20:30:53","modified_gmt":"2021-06-13T18:30:53","slug":"lhort-de-can-zam-sobre-a-les-escoles","status":"publish","type":"post","link":"https:\/\/blogs.amb.cat\/alimentaciometropolitana\/2021\/05\/29\/lhort-de-can-zam-sobre-a-les-escoles\/","title":{"rendered":"L\u2019hort de Can Zam s\u2019obre a les escoles"},"content":{"rendered":"\n<p class=\"has-medium-font-size\">Amb un projecte pilot que comen\u00e7a aquest mes de juny<\/p>\n\n\n\n<p>Dues escoles de Santa Coloma de Gramenet seran les primeres a estrenar el nou espai educatiu i de sensibilitzaci\u00f3 de l\u2019<a href=\"https:\/\/www.gramenet.cat\/ajuntament\/arees-municipals\/educacio\/projectes-educatius\/programa-dactivitats-educatives-complementaries\/paecc-2020-2021\/?tx_activitatseducativessc_activitats%5Bfitxa%5D=802&amp;tx_activitatseducativessc_activitats%5Baction%5D=show&amp;tx_activitatseducativessc_activitats%5Bcontroller%5D=Activitat&amp;cHash=2599fa4c186e8c2fa31a28ea09e3efe1\" target=\"_blank\" rel=\"noreferrer noopener\">Hort urb\u00e0 i ecol\u00f2gic de Can Zam<\/a>, aquest mes de juny. Ahir es va presentar la iniciativa, que permetr\u00e0 als alumnes con\u00e8ixer de primera m\u00e0 els beneficis de l\u2019agricultura urbana, aix\u00ed com la feina de les persones i les entitats que hi treballen.<\/p>\n\n\n\n<p>\u201cL\u2019objectiu d\u2019aquest programa educatiu \u00e9s que l\u2019alumnat valori la cura i el manteniment dels entorns naturals, incidir sobre la import\u00e0ncia d\u2019una alimentaci\u00f3 saludable i explicar que aquesta es fonamenta en la producci\u00f3 de proximitat i, a poder ser, ecol\u00f2gica\u201d, va explicar l\u2019alcaldessa de la ciutat, N\u00faria Parlon.<br>Al juny es far\u00e0 una prova pilot amb dos centres educatius i m\u00e9s endavant hi podr\u00e0 participar qualsevol escola de Sant Coloma.<\/p>\n\n\n\n<p>Abans de les visites a l\u2019hort de Can Zam, els alumnes treballaran a l\u2019aula el m\u00f3n de l\u2019agricultura a la ciutat, l\u2019agricultura ecol\u00f2gica, l\u2019ofici de pag\u00e8s, els h\u00e0bits de consum de productes de temporada i de proximitat, etc.; despr\u00e9s faran la visita a l\u2019hort i finalment faran un resum i una cr\u00f2nica de les activitats dutes a terme.<\/p>\n\n\n\n<p><strong>Un hort a Can Zam<\/strong><br>L\u2019hort de Can Zam es va posar en marxa el 2019 amb la intenci\u00f3 de consolidar la pres\u00e8ncia de l\u2019agricultura urbana a la ciutat i d\u2019ampliar la xarxa d\u2019horts urbans. \u00c9s un espai de 1.028 m2 de superf\u00edcie i compta amb 18 parcel\u00b7les de conreu: 16 de 25 m2 per a jubilats i aturats, una per a entitats de 90 m2 i una d\u2019educativa de 30 m2. Tamb\u00e9 disposa de sis espais de compostatge, un hotel d\u2019insectes (per oferir refugi i facilitar la reproducci\u00f3 de fauna \u00fatil per l\u2019hort), espais d\u2019estada, circulaci\u00f3 de persones i treball, espais d\u2019emmagatzematge, i un jard\u00ed mediterrani, un espai de 165 m2 amb esp\u00e8cies arom\u00e0tiques i medicinals i arbustos mediterranis.<\/p>\n\n\n\n<p>\u00c9s un espai obert a la ciutadania, on s\u2019hi poden fer visites i activitats adre\u00e7ades a centres educatius, col\u00b7lectius i entitats diverses i al ve\u00efnat del municipi.<\/p>\n","protected":false},"excerpt":{"rendered":"<p>Amb un projecte pilot que comen\u00e7a aquest mes de juny Dues escoles de Santa Coloma de Gramenet seran les primeres a estrenar el nou espai educatiu i de sensibilitzaci\u00f3 de l\u2019Hort urb\u00e0 i ecol\u00f2gic de Can Zam, aquest mes de juny. Ahir es va presentar la iniciativa, que permetr\u00e0 als alumnes con\u00e8ixer de primera m\u00e0 [&hellip;]<\/p>\n","protected":false},"author":38,"featured_media":163,"comment_status":"closed","ping_status":"open","sticky":false,"template":"","format":"standard","meta":{"_oasis_is_in_workflow":0,"_oasis_original":0,"ngg_post_thumbnail":0},"categories":[1],"tags":[70,69,68],"_links":{"self":[{"href":"https:\/\/blogs.amb.cat\/alimentaciometropolitana\/wp-json\/wp\/v2\/posts\/162"}],"collection":[{"href":"https:\/\/blogs.amb.cat\/alimentaciometropolitana\/wp-json\/wp\/v2\/posts"}],"about":[{"href":"https:\/\/blogs.amb.cat\/alimentaciometropolitana\/wp-json\/wp\/v2\/types\/post"}],"author":[{"embeddable":true,"href":"https:\/\/blogs.amb.cat\/alimentaciometropolitana\/wp-json\/wp\/v2\/users\/38"}],"replies":[{"embeddable":true,"href":"https:\/\/blogs.amb.cat\/alimentaciometropolitana\/wp-json\/wp\/v2\/comments?post=162"}],"version-history":[{"count":1,"href":"https:\/\/blogs.amb.cat\/alimentaciometropolitana\/wp-json\/wp\/v2\/posts\/162\/revisions"}],"predecessor-version":[{"id":164,"href":"https:\/\/blogs.amb.cat\/alimentaciometropolitana\/wp-json\/wp\/v2\/posts\/162\/revisions\/164"}],"wp:featuredmedia":[{"embeddable":true,"href":"https:\/\/blogs.amb.cat\/alimentaciometropolitana\/wp-json\/wp\/v2\/media\/163"}],"wp:attachment":[{"href":"https:\/\/blogs.amb.cat\/alimentaciometropolitana\/wp-json\/wp\/v2\/media?parent=162"}],"wp:term":[{"taxonomy":"category","embeddable":true,"href":"https:\/\/blogs.amb.cat\/alimentaciometropolitana\/wp-json\/wp\/v2\/categories?post=162"},{"taxonomy":"post_tag","embeddable":true,"href":"https:\/\/blogs.amb.cat\/alimentaciometropolitana\/wp-json\/wp\/v2\/tags?post=162"}],"curies":[{"name":"wp","href":"https:\/\/api.w.org\/{rel}","templated":true}]}}