
 







{"id":1623,"date":"2025-11-12T12:11:00","date_gmt":"2025-11-12T10:11:00","guid":{"rendered":"https:\/\/blogs.amb.cat\/alimentaciometropolitana\/?p=1623"},"modified":"2025-11-20T13:43:56","modified_gmt":"2025-11-20T11:43:56","slug":"samplia-el-projecte-dhort-comunitari-al-parc-de-can-solei-i-ca-larnus-de-badalona","status":"publish","type":"post","link":"https:\/\/blogs.amb.cat\/alimentaciometropolitana\/2025\/11\/12\/samplia-el-projecte-dhort-comunitari-al-parc-de-can-solei-i-ca-larnus-de-badalona\/","title":{"rendered":"S&#8217;amplia el projecte d&#8217;hort comunitari al parc de Can Solei i de Ca l&#8217;Arn\u00fas de Badalona"},"content":{"rendered":"\n<p><strong>L&#8217;hort comunitari forma part del Programa Socioterap\u00e8utica i est\u00e0 impulsat per Salut Mental Barcelon\u00e8s Nord, amb la col\u00b7laboraci\u00f3 de Conreu Sereny i l&#8217;Ajuntament de Badalona, la Fundaci\u00f3 &#8220;La Caixa&#8221;, la Generalitat de Catalunya i l&#8217;AMB.<\/strong><\/p>\n\n\n\n<p>El passat 21 d&#8217;octubre es va presentar el projecte d&#8217;hort comunitari al parc de Can Solei i de Ca l&#8217;Arn\u00fas (Badalona), impulsat per l&#8217;associaci\u00f3 Salut Mental Barcelon\u00e8s Nord. Aquest projecte s&#8217;emmarca dins el Programa Socioterap\u00e8utica, adre\u00e7at a persones en situaci\u00f3 de patiment emocional i s\u00edmptomes lleus de salut mental, com ara l&#8217;ansietat o estats d&#8217;\u00e0nim depressius, aix\u00ed com estats derivats de circumst\u00e0ncies vitals desfavorables.<\/p>\n\n\n\n<figure class=\"wp-block-image size-large\"><img src=\"https:\/\/cdn-bdncom.watchity.net\/bdn\/images\/0321a2a3-47d8-40b9-ba3c-2137c2b904cf\/6d710efa-aab4-4c37-b1b3-e3355863b442\/6d710efa-aab4-4c37-b1b3-e3355863b442_medium.jpeg\" alt=\"\" \/><\/figure>\n\n\n\n<p>L&#8217;hort comunitari es va posar en marxa el setembre del 2024 amb l&#8217;ajuda i la col\u00b7laboraci\u00f3 de la cooperativa ecol\u00f2gica Conreu Sereny, entitat que compta amb diversos horts d&#8217;agricultura social a la serralada de la Marina, la qual hi aporta coneixement i dinamitza l&#8217;espai. Hi donen suport t\u00e8cnic l\u2019Ajuntament de Badalona, la Fundaci\u00f3 \u201cLa Caixa\u201d, la Generalitat de Catalunya i l&#8217;AMB, que gestiona el parc que cedeix els parterres.<\/p>\n\n\n\n<p>El projecte vol ser un complement a la ter\u00e0pia m\u00e8dica, i des de Salut Mental Barcelon\u00e8s Nord asseguren que el contacte amb la natura i la terra han demostrat ser un fabul\u00f3s remei contra el malestar, tot convertint-se en una eina de benestar, inserci\u00f3 i conviv\u00e8ncia.<\/p>\n\n\n\n<p>L&#8217;activitat ja s&#8217;ha ampliat d&#8217;un dia a la setmana a dos dies a la setmana, i aviat s&#8217;ampliar\u00e0 tamb\u00e9 l&#8217;espai de conreu.<\/p>\n\n\n\n<p>Per a m\u00e9s informaci\u00f3, consulteu les p\u00e0gines de <a href=\"https:\/\/assocsmbn.org\/acte-de-presentacio-de-lhort-comunitari-2\/\">Salut Mental Barcelon\u00e8s Nord<\/a> i <a href=\"https:\/\/conreusereny.cat\/ps\/ca\/\">Conreu Sereny<\/a>, i recupereu la <a href=\"https:\/\/www.bdncom.cat\/notice\/hort-comunitari\">not\u00edcia de Badalona Comunicaci\u00f3<\/a> i la <a href=\"https:\/\/www.instagram.com\/p\/DQrRJLTghXK\/\">publicaci\u00f3 a Instagram d&#8217;Aprenem a la Xarxa AMB i Conreu Sereny<\/a>.<\/p>\n","protected":false},"excerpt":{"rendered":"<p>L&#8217;hort comunitari forma part del Programa Socioterap\u00e8utica i est\u00e0 impulsat per Salut Mental Barcelon\u00e8s Nord, amb la col\u00b7laboraci\u00f3 de Conreu Sereny i l&#8217;Ajuntament de Badalona, la Fundaci\u00f3 &#8220;La Caixa&#8221;, la Generalitat de Catalunya i l&#8217;AMB. El passat 21 d&#8217;octubre es va presentar el projecte d&#8217;hort comunitari al parc de Can Solei i de Ca l&#8217;Arn\u00fas [&hellip;]<\/p>\n","protected":false},"author":49,"featured_media":1630,"comment_status":"closed","ping_status":"open","sticky":false,"template":"","format":"standard","meta":{"_oasis_is_in_workflow":0,"_oasis_original":0,"ngg_post_thumbnail":0},"categories":[1],"tags":[],"_links":{"self":[{"href":"https:\/\/blogs.amb.cat\/alimentaciometropolitana\/wp-json\/wp\/v2\/posts\/1623"}],"collection":[{"href":"https:\/\/blogs.amb.cat\/alimentaciometropolitana\/wp-json\/wp\/v2\/posts"}],"about":[{"href":"https:\/\/blogs.amb.cat\/alimentaciometropolitana\/wp-json\/wp\/v2\/types\/post"}],"author":[{"embeddable":true,"href":"https:\/\/blogs.amb.cat\/alimentaciometropolitana\/wp-json\/wp\/v2\/users\/49"}],"replies":[{"embeddable":true,"href":"https:\/\/blogs.amb.cat\/alimentaciometropolitana\/wp-json\/wp\/v2\/comments?post=1623"}],"version-history":[{"count":6,"href":"https:\/\/blogs.amb.cat\/alimentaciometropolitana\/wp-json\/wp\/v2\/posts\/1623\/revisions"}],"predecessor-version":[{"id":1653,"href":"https:\/\/blogs.amb.cat\/alimentaciometropolitana\/wp-json\/wp\/v2\/posts\/1623\/revisions\/1653"}],"wp:featuredmedia":[{"embeddable":true,"href":"https:\/\/blogs.amb.cat\/alimentaciometropolitana\/wp-json\/wp\/v2\/media\/1630"}],"wp:attachment":[{"href":"https:\/\/blogs.amb.cat\/alimentaciometropolitana\/wp-json\/wp\/v2\/media?parent=1623"}],"wp:term":[{"taxonomy":"category","embeddable":true,"href":"https:\/\/blogs.amb.cat\/alimentaciometropolitana\/wp-json\/wp\/v2\/categories?post=1623"},{"taxonomy":"post_tag","embeddable":true,"href":"https:\/\/blogs.amb.cat\/alimentaciometropolitana\/wp-json\/wp\/v2\/tags?post=1623"}],"curies":[{"name":"wp","href":"https:\/\/api.w.org\/{rel}","templated":true}]}}