
 







{"id":165,"date":"2021-06-13T20:36:43","date_gmt":"2021-06-13T18:36:43","guid":{"rendered":"https:\/\/blogs.amb.cat\/alimentaciometropolitana\/?p=165"},"modified":"2021-06-13T20:38:07","modified_gmt":"2021-06-13T18:38:07","slug":"webinar-sobre-politica-alimentaria-a-larea-metropolitana-de-barcelona","status":"publish","type":"post","link":"https:\/\/blogs.amb.cat\/alimentaciometropolitana\/2021\/06\/13\/webinar-sobre-politica-alimentaria-a-larea-metropolitana-de-barcelona\/","title":{"rendered":"&#8216;Webinar&#8217; sobre pol\u00edtica aliment\u00e0ria a l\u2019\u00e0rea metropolitana de Barcelona"},"content":{"rendered":"\n<p class=\"has-medium-font-size\">Organitzat per la Fundaci\u00f3 Nous Horitzons<\/p>\n\n\n\n<p>Dimecres 16 de juny tindr\u00e0 lloc un nou acte emmarcat dins el conjunt d\u2019activitats que enguany s\u2019organitzen al voltant de Barcelona com a capital de l\u2019alimentaci\u00f3 sostenible 2021. Es tracta d\u2019un <em>webinar<\/em>, organitzat per la Fundaci\u00f3 Nous Horitzons, sobre pol\u00edtica aliment\u00e0ria a l\u2019\u00e0rea metropolitana de Barcelona. <\/p>\n\n\n\n<p>Els protagonistes de l\u2019acte seran Susanne Rieger, codirectora de la Green European Foundation, \u00c1lvaro Porro, comissionat d\u2019Economia social, desenvolupament local i pol\u00edtiques aliment\u00e0ries de l\u2019Ajuntament de Barcelona, Anna Mart\u00edn, tinenta d&#8217;alcalde d\u2019Acci\u00f3 ambiental i energia de l\u2019Ajuntament del Prat de Llobregat, i Gemma Frances, gerent del Parc agrari del Baix Llobregat. Sergi Alegre, membre de la Fundaci\u00f3 Nous Horitzons, presentar\u00e0 la sessi\u00f3.<\/p>\n\n\n\n<p>El <em>webinar<\/em> comen\u00e7ar\u00e0 a les 17h i la participaci\u00f3 \u00e9s lliure i oberta a tothom, amb registre previ en <a rel=\"noreferrer noopener\" href=\"https:\/\/us02web.zoom.us\/webinar\/register\/WN_fAz6mtyERkeDifig_I546A?fbclid=IwAR3B9D7CPT-pDySUpJrMNetiFDohNXCDg7Aog6iFBYChufWVm526OsfHgA8\" target=\"_blank\">aquest enlla\u00e7<\/a>. Les exposicions seran en catal\u00e0 i en angl\u00e8s i hi haur\u00e0 traducci\u00f3 simult\u00e0nia.<\/p>\n","protected":false},"excerpt":{"rendered":"<p>Organitzat per la Fundaci\u00f3 Nous Horitzons Dimecres 16 de juny tindr\u00e0 lloc un nou acte emmarcat dins el conjunt d\u2019activitats que enguany s\u2019organitzen al voltant de Barcelona com a capital de l\u2019alimentaci\u00f3 sostenible 2021. Es tracta d\u2019un webinar, organitzat per la Fundaci\u00f3 Nous Horitzons, sobre pol\u00edtica aliment\u00e0ria a l\u2019\u00e0rea metropolitana de Barcelona. Els protagonistes de [&hellip;]<\/p>\n","protected":false},"author":38,"featured_media":166,"comment_status":"closed","ping_status":"open","sticky":false,"template":"","format":"standard","meta":{"_oasis_is_in_workflow":0,"_oasis_original":0,"ngg_post_thumbnail":0},"categories":[1],"tags":[14],"_links":{"self":[{"href":"https:\/\/blogs.amb.cat\/alimentaciometropolitana\/wp-json\/wp\/v2\/posts\/165"}],"collection":[{"href":"https:\/\/blogs.amb.cat\/alimentaciometropolitana\/wp-json\/wp\/v2\/posts"}],"about":[{"href":"https:\/\/blogs.amb.cat\/alimentaciometropolitana\/wp-json\/wp\/v2\/types\/post"}],"author":[{"embeddable":true,"href":"https:\/\/blogs.amb.cat\/alimentaciometropolitana\/wp-json\/wp\/v2\/users\/38"}],"replies":[{"embeddable":true,"href":"https:\/\/blogs.amb.cat\/alimentaciometropolitana\/wp-json\/wp\/v2\/comments?post=165"}],"version-history":[{"count":2,"href":"https:\/\/blogs.amb.cat\/alimentaciometropolitana\/wp-json\/wp\/v2\/posts\/165\/revisions"}],"predecessor-version":[{"id":168,"href":"https:\/\/blogs.amb.cat\/alimentaciometropolitana\/wp-json\/wp\/v2\/posts\/165\/revisions\/168"}],"wp:featuredmedia":[{"embeddable":true,"href":"https:\/\/blogs.amb.cat\/alimentaciometropolitana\/wp-json\/wp\/v2\/media\/166"}],"wp:attachment":[{"href":"https:\/\/blogs.amb.cat\/alimentaciometropolitana\/wp-json\/wp\/v2\/media?parent=165"}],"wp:term":[{"taxonomy":"category","embeddable":true,"href":"https:\/\/blogs.amb.cat\/alimentaciometropolitana\/wp-json\/wp\/v2\/categories?post=165"},{"taxonomy":"post_tag","embeddable":true,"href":"https:\/\/blogs.amb.cat\/alimentaciometropolitana\/wp-json\/wp\/v2\/tags?post=165"}],"curies":[{"name":"wp","href":"https:\/\/api.w.org\/{rel}","templated":true}]}}