
 







{"id":1692,"date":"2026-01-12T15:36:00","date_gmt":"2026-01-12T13:36:00","guid":{"rendered":"https:\/\/blogs.amb.cat\/alimentaciometropolitana\/?p=1692"},"modified":"2026-01-20T11:32:48","modified_gmt":"2026-01-20T09:32:48","slug":"badia-del-valles-renovara-el-seu-mercat-municipal-amb-un-canvi-de-model-i-una-inversio-d14-milions-deuros","status":"publish","type":"post","link":"https:\/\/blogs.amb.cat\/alimentaciometropolitana\/2026\/01\/12\/badia-del-valles-renovara-el-seu-mercat-municipal-amb-un-canvi-de-model-i-una-inversio-d14-milions-deuros\/","title":{"rendered":"Badia del Vall\u00e8s renovar\u00e0 el seu mercat municipal amb un canvi de model i una inversi\u00f3 d&#8217;1,4 milions d&#8217;euros"},"content":{"rendered":"\n<p><strong>La transformaci\u00f3 del mercat municipal, que s&#8217;iniciar\u00e0 a finals del 2027, disposa d&#8217;una inversi\u00f3 prevista d&#8217;1,4 milions d&#8217;euros provinents del PACTE 2025-2028 de l&#8217;AMB. El mercat renovat tindr\u00e0 un espai dedicat a la gastronomia i la degustaci\u00f3.<\/strong><\/p>\n\n\n\n<p>El 15 de desembre del 2025, l&#8217;alcalde de Badia del Vall\u00e8s, Josep Mart\u00ednez Valencia, va presentar als paradistes l&#8217;avantprojecte del nou model de mercat municipal, que busca renovar l&#8217;equipament i potenciar l&#8217;espai com una refer\u00e8ncia per al municipi i la comarca. Les obres s&#8217;iniciaran a finals del 2027, passat octubre, que \u00e9s quan s&#8217;extingiran les concessions als paradistes actuals. Es preveu que durant les obres no s&#8217;interrompi l&#8217;activitat comercial.<\/p>\n\n\n\n<p>M\u00e9s enll\u00e0 de les reformes estructurals, es voldr\u00e0 ampliar l&#8217;oferta de serveis. Amb la creaci\u00f3 d&#8217;un espai gastron\u00f2mic i de degustaci\u00f3, es busca un nou model de mercat que ofereixi una experi\u00e8ncia combinada de compra de productes, lleure i restauraci\u00f3, per fer del mercat un motor de dinamitzaci\u00f3 social. Seguint aquesta l\u00ednia, s&#8217;ampliar\u00e0 l&#8217;acc\u00e9s al mercat des de la pla\u00e7a Major, i s&#8217;habilitaran les quatre portes d&#8217;entrada per garantir-hi accessibilitat total. Tamb\u00e9 s&#8217;optimitzaran els espais interiors i es crear\u00e0 un entorn m\u00e9s modern i funcional.<\/p>\n\n\n\n<p>La inversi\u00f3 prevista per poder dur a terme les obres \u00e9s d&#8217;1,4 milions d&#8217;euros. Aquesta inversi\u00f3 est\u00e0 finan\u00e7ada per l&#8217;AMB, a trav\u00e9s del <a rel=\"noreferrer noopener\" href=\"https:\/\/www.amb.cat\/web\/amb\/govern-metropolita\/economia-i-inversions\/inversions-i-suports\/pla-d-inversions\/pacte\" target=\"_blank\">Programa d&#8217;actuacions de cohesi\u00f3 territorial (PACTE)<\/a> per al per\u00edode 2025-2028. El programa est\u00e0 dotat amb 150 milions d&#8217;euros i assigna fons als 35 municipis de l&#8217;AMB (exceptuant Barcelona), seguint criteris de proporcionalitat i a la vegada tendint a compensar desigualtats territorials entre els diferents municipis metropolitans.<\/p>\n\n\n\n<p>Altres renovacions de mercats municipals promogudes i finan\u00e7ades de manera total o parcial per l&#8217;AMB s\u00f3n, per exemple, el <a href=\"https:\/\/www.amb.cat\/ca\/web\/territori\/espai-public\/projectes-i-obres\/detall\/-\/projecte\/mercat-sagarra\/1230950\/11656?_ProjecteSearchListPortlet_WAR_AMBSearchPortletportlet_pageNum=1&amp;_ProjecteSearchListPortlet_WAR_AMBSearchPortletportlet_queryText=Mercat&amp;_ProjecteSearchListPortlet_WAR_AMBSearchPortletportlet_detailBackURL=https%3A%2F%2Fwww.amb.cat%2Fca%2Fweb%2Fterritori%2Fespai-public%2Fprojectes-i-obres%2Fllistat\">Mercat Segarra<\/a> de Santa Coloma de Gramenet, el <a href=\"https:\/\/www.amb.cat\/ca\/web\/territori\/espai-public\/projectes-i-obres\/detall\/-\/projecte\/mercat-de-sant-andreu\/14632940\/11656?_ProjecteSearchListPortlet_WAR_AMBSearchPortletportlet_pageNum=1&amp;_ProjecteSearchListPortlet_WAR_AMBSearchPortletportlet_queryText=Mercat&amp;_ProjecteSearchListPortlet_WAR_AMBSearchPortletportlet_detailBackURL=https%3A%2F%2Fwww.amb.cat%2Fca%2Fweb%2Fterritori%2Fespai-public%2Fprojectes-i-obres%2Fllistat\">Mercat de Sant Andreu<\/a> a Barcelona, el <a href=\"https:\/\/www.amb.cat\/ca\/web\/territori\/espai-public\/projectes-i-obres\/detall\/-\/projecte\/mercat-de-les-fontetes\/7590231\/11656?_ProjecteSearchListPortlet_WAR_AMBSearchPortletportlet_pageNum=1&amp;_ProjecteSearchListPortlet_WAR_AMBSearchPortletportlet_queryText=Mercat&amp;_ProjecteSearchListPortlet_WAR_AMBSearchPortletportlet_detailBackURL=https%3A%2F%2Fwww.amb.cat%2Fca%2Fweb%2Fterritori%2Fespai-public%2Fprojectes-i-obres%2Fllistat\">Mercat de les Fontetes<\/a> a Cerdanyola del Vall\u00e8s, o <a href=\"https:\/\/www.amb.cat\/ca\/web\/territori\/espai-public\/projectes-i-obres\/detall\/-\/projecte\/la-placa--de-mercat-de-la-vila-a-mercat-municipal\/5965107\/11656?_ProjecteSearchListPortlet_WAR_AMBSearchPortletportlet_pageNum=1&amp;_ProjecteSearchListPortlet_WAR_AMBSearchPortletportlet_queryText=Mercat&amp;_ProjecteSearchListPortlet_WAR_AMBSearchPortletportlet_detailBackURL=https%3A%2F%2Fwww.amb.cat%2Fca%2Fweb%2Fterritori%2Fespai-public%2Fprojectes-i-obres%2Fllistat\">La Pla\u00e7a<\/a> de Sant Feliu de Llobregat.<\/p>\n","protected":false},"excerpt":{"rendered":"<p>La transformaci\u00f3 del mercat municipal, que s&#8217;iniciar\u00e0 a finals del 2027, disposa d&#8217;una inversi\u00f3 prevista d&#8217;1,4 milions d&#8217;euros provinents del PACTE 2025-2028 de l&#8217;AMB. El mercat renovat tindr\u00e0 un espai dedicat a la gastronomia i la degustaci\u00f3. El 15 de desembre del 2025, l&#8217;alcalde de Badia del Vall\u00e8s, Josep Mart\u00ednez Valencia, va presentar als paradistes [&hellip;]<\/p>\n","protected":false},"author":49,"featured_media":1696,"comment_status":"closed","ping_status":"open","sticky":false,"template":"","format":"standard","meta":{"_oasis_is_in_workflow":0,"_oasis_original":0,"ngg_post_thumbnail":0},"categories":[186,1],"tags":[],"_links":{"self":[{"href":"https:\/\/blogs.amb.cat\/alimentaciometropolitana\/wp-json\/wp\/v2\/posts\/1692"}],"collection":[{"href":"https:\/\/blogs.amb.cat\/alimentaciometropolitana\/wp-json\/wp\/v2\/posts"}],"about":[{"href":"https:\/\/blogs.amb.cat\/alimentaciometropolitana\/wp-json\/wp\/v2\/types\/post"}],"author":[{"embeddable":true,"href":"https:\/\/blogs.amb.cat\/alimentaciometropolitana\/wp-json\/wp\/v2\/users\/49"}],"replies":[{"embeddable":true,"href":"https:\/\/blogs.amb.cat\/alimentaciometropolitana\/wp-json\/wp\/v2\/comments?post=1692"}],"version-history":[{"count":6,"href":"https:\/\/blogs.amb.cat\/alimentaciometropolitana\/wp-json\/wp\/v2\/posts\/1692\/revisions"}],"predecessor-version":[{"id":1719,"href":"https:\/\/blogs.amb.cat\/alimentaciometropolitana\/wp-json\/wp\/v2\/posts\/1692\/revisions\/1719"}],"wp:featuredmedia":[{"embeddable":true,"href":"https:\/\/blogs.amb.cat\/alimentaciometropolitana\/wp-json\/wp\/v2\/media\/1696"}],"wp:attachment":[{"href":"https:\/\/blogs.amb.cat\/alimentaciometropolitana\/wp-json\/wp\/v2\/media?parent=1692"}],"wp:term":[{"taxonomy":"category","embeddable":true,"href":"https:\/\/blogs.amb.cat\/alimentaciometropolitana\/wp-json\/wp\/v2\/categories?post=1692"},{"taxonomy":"post_tag","embeddable":true,"href":"https:\/\/blogs.amb.cat\/alimentaciometropolitana\/wp-json\/wp\/v2\/tags?post=1692"}],"curies":[{"name":"wp","href":"https:\/\/api.w.org\/{rel}","templated":true}]}}