
 







{"id":1699,"date":"2026-01-14T16:34:00","date_gmt":"2026-01-14T14:34:00","guid":{"rendered":"https:\/\/blogs.amb.cat\/alimentaciometropolitana\/?p=1699"},"modified":"2026-03-06T16:54:22","modified_gmt":"2026-03-06T14:54:22","slug":"foodgap-avui-sha-iniciat-el-cicle-de-seminaris-peer-learning-on-urban-metropolitan-food-policies","status":"publish","type":"post","link":"https:\/\/blogs.amb.cat\/alimentaciometropolitana\/2026\/01\/14\/foodgap-avui-sha-iniciat-el-cicle-de-seminaris-peer-learning-on-urban-metropolitan-food-policies\/","title":{"rendered":"Arrenca el cicle de seminaris &#8220;Peer learning on urban &amp; metropolitan food policies&#8221;"},"content":{"rendered":"\n<p>Avui, 14 de gener, s&#8217;ha celebrat el primer taller en l\u00ednia del cicle de seminaris &#8220;Peer learning on urban &amp; metropolitan food policies&#8221; (&#8220;Aprenentatge entre iguals sobre pol\u00edtiques aliment\u00e0ries urbanes i metropolitanes&#8221;), organitzat per la Ciutat Metropolitana de Roma en relaci\u00f3 amb el programa de capacitaci\u00f3 definit en el marc del projecte FOODGaP. <\/p>\n\n\n\n<p>L&#8217;objectiu d&#8217;aquests seminaris \u00e9s reunir ciutats, autoritats metropolitanes i actors clau per intercanviar experi\u00e8ncies pr\u00e0ctiques, refor\u00e7ar les capacitats de governan\u00e7a i cocrear solucions per a sistemes alimentaris sostenibles, inclusius i resilients. Es realitzen a trav\u00e9s de la plataforma Zoom, amb traducci\u00f3 a l&#8217;angl\u00e8s, itali\u00e0 i franc\u00e8s.<\/p>\n\n\n\n<p>Est\u00e0 previst celebrar-ne quatre m\u00e9s al llarg dels propers mesos, centrats en diverses tem\u00e0tiques:<\/p>\n\n\n\n<figure class=\"wp-block-table aligncenter is-style-regular\"><table><tbody><tr><td><strong>Seminari 1.<\/strong> Monitoring for Action: Data Needs for Improved Governance of Urban <br>and Metropolitan Food Systems<br><a href=\"https:\/\/www.interregnextmed.eu\/foodgap-chronicles-on-monitoring-for-action-using-evidence-to-inform-and-drive-food-policy-decisions\/\" target=\"_blank\" rel=\"noreferrer noopener\">Cr\u00f2nica del seminari<\/a><\/td><td>14 gener 2026<\/td><\/tr><tr><td><strong>Seminari 2.<\/strong> Multilevel governance, participation and vertical coordination<br><a href=\"https:\/\/www.interregnextmed.eu\/who-governs-the-food-system-matters-lessons-from-the-foodgap-webinar\/\" target=\"_blank\" rel=\"noreferrer noopener\">Cr\u00f2nica del seminari<\/a><\/td><td>4 febrer 2026<\/td><\/tr><tr><td><strong>Seminari 3.<\/strong> Circularity, food loss and food waste<\/td><td>18 febrer 2026<\/td><\/tr><tr><td><strong>Seminari 4.<\/strong> Equity and preparedness in local food governance<br><a href=\"https:\/\/ec.europa.eu\/eusurvey\/runner\/FOODGapSeries\" target=\"_blank\" rel=\"noreferrer noopener\"><span class=\"has-inline-color has-luminous-vivid-orange-color\"><strong>Obertes les inscripcions<\/strong><\/span><\/a><\/td><td>18 mar\u00e7 2026<\/td><\/tr><tr><td><strong>Seminari 5.<\/strong> Public procurement, sustainable and healthy meals<br>(including short supply chains &amp; urban-rural linkages)<\/td><td>16 setembre 2026<\/td><\/tr><\/tbody><\/table><\/figure>\n\n\n\n<p>En relaci\u00f3 al primer seminari, on l&#8217;AMB hi va participar com a ponent, ja s&#8217;ha publicat una breu cr\u00f2nica, resumint les principals idees i reflexions. Es troba disponible en tres idiomes: <a href=\"https:\/\/www.interregnextmed.eu\/wp-content\/uploads\/2026\/01\/FOODGaP-Chronicles-EN.pdf\" target=\"_blank\" rel=\"noreferrer noopener\">angl\u00e8s<\/a>, <a rel=\"noreferrer noopener\" href=\"https:\/\/my.visme.co\/view\/op6x63z7-foodgap-chronicles-it#s1\" target=\"_blank\">itali\u00e0<\/a> i <a rel=\"noreferrer noopener\" href=\"https:\/\/my.visme.co\/v\/e0w8w4n1-pojn9v#s1\" target=\"_blank\">franc\u00e8s<\/a>.<\/p>\n\n\n\n<p>A principis de maig, a la ciutat de Roma, tamb\u00e9 tindr\u00e0 lloc un esdeveniment en format presencial (<em>living lab<\/em>), del qual properament donarem m\u00e9s detalls.<\/p>\n\n\n\n<p><strong>Sobre el projecte FOODGaP<\/strong><\/p>\n\n\n\n<p>El <a href=\"https:\/\/www.interregnextmed.eu\/project-page\/foodgap\/about\/\">projecte FOODGaP<\/a>, finan\u00e7at mitjan\u00e7ant el <a rel=\"noreferrer noopener\" href=\"https:\/\/www.interregnextmed.eu\/discover-the-programme\/\" target=\"_blank\">programa Interreg NEXT MED<\/a>, va fer la reuni\u00f3 de llan\u00e7ament (<em>kick-off meeting<\/em>) els dies 29 i 30 de setembre del 2025 a la ciutat d&#8217;Atenes, organitzada per la European Public Law Organization (EPLO). <\/p>\n\n\n\n<p>Liderat per CIHEAM Bari, el projecte FOODGaP reuneix una alian\u00e7a diversa que inclou la Ciutat de Tir (L\u00edban), Houmt Souk (Tun\u00edsia), la Ciutat Metropolitana de Roma (It\u00e0lia), la Ciutat Metropolitana de Mersin (Turquia) i EPLO (Gr\u00e8cia). Amb un pressupost total d\u20191.320.573,41 \u20ac i una durada de 36 mesos, el projecte aborda reptes clau en la governan\u00e7a aliment\u00e0ria a la Mediterr\u00e0nia.<\/p>\n\n\n\n<p>Amb l&#8217;objectiu d&#8217;enriquir el projecte amb l&#8217;experi\u00e8ncia i coneixement adquirit i amb exemples inspiradors, aix\u00ed com d&#8217;ampliar la xarxa de contactes i l&#8217;abast, tamb\u00e9 hi participen cinc socis associats: METREX, ICLEI, la ciutat de Mil\u00e0, el Ministeri d&#8217;Agricultura de la Rep\u00fablica del L\u00edban i, finalment, l&#8217;\u00c0rea Metropolitana de Barcelona.<\/p>\n\n\n\n<figure class=\"wp-block-gallery columns-2 is-cropped\"><ul class=\"blocks-gallery-grid\"><li class=\"blocks-gallery-item\"><figure><img width=\"1024\" height=\"683\" src=\"https:\/\/blogs.amb.cat\/alimentaciometropolitana\/wp-content\/uploads\/sites\/14\/2026\/01\/DSC_0060R-1024x683.jpg\" alt=\"\" data-id=\"1703\" data-full-url=\"https:\/\/blogs.amb.cat\/alimentaciometropolitana\/wp-content\/uploads\/sites\/14\/2026\/01\/DSC_0060R-scaled.jpg\" data-link=\"https:\/\/blogs.amb.cat\/alimentaciometropolitana\/?attachment_id=1703\" class=\"wp-image-1703\" srcset=\"https:\/\/blogs.amb.cat\/alimentaciometropolitana\/wp-content\/uploads\/sites\/14\/2026\/01\/DSC_0060R-1024x683.jpg 1024w, https:\/\/blogs.amb.cat\/alimentaciometropolitana\/wp-content\/uploads\/sites\/14\/2026\/01\/DSC_0060R-300x200.jpg 300w, https:\/\/blogs.amb.cat\/alimentaciometropolitana\/wp-content\/uploads\/sites\/14\/2026\/01\/DSC_0060R-768x512.jpg 768w, https:\/\/blogs.amb.cat\/alimentaciometropolitana\/wp-content\/uploads\/sites\/14\/2026\/01\/DSC_0060R-1536x1024.jpg 1536w, https:\/\/blogs.amb.cat\/alimentaciometropolitana\/wp-content\/uploads\/sites\/14\/2026\/01\/DSC_0060R-2048x1365.jpg 2048w\" sizes=\"(max-width: 1024px) 100vw, 1024px\" \/><\/figure><\/li><li class=\"blocks-gallery-item\"><figure><img width=\"1024\" height=\"683\" src=\"https:\/\/blogs.amb.cat\/alimentaciometropolitana\/wp-content\/uploads\/sites\/14\/2026\/01\/DSC_0101R-1024x683.jpg\" alt=\"\" data-id=\"1704\" data-full-url=\"https:\/\/blogs.amb.cat\/alimentaciometropolitana\/wp-content\/uploads\/sites\/14\/2026\/01\/DSC_0101R-scaled.jpg\" data-link=\"https:\/\/blogs.amb.cat\/alimentaciometropolitana\/?attachment_id=1704\" class=\"wp-image-1704\" srcset=\"https:\/\/blogs.amb.cat\/alimentaciometropolitana\/wp-content\/uploads\/sites\/14\/2026\/01\/DSC_0101R-1024x683.jpg 1024w, https:\/\/blogs.amb.cat\/alimentaciometropolitana\/wp-content\/uploads\/sites\/14\/2026\/01\/DSC_0101R-300x200.jpg 300w, https:\/\/blogs.amb.cat\/alimentaciometropolitana\/wp-content\/uploads\/sites\/14\/2026\/01\/DSC_0101R-768x512.jpg 768w, https:\/\/blogs.amb.cat\/alimentaciometropolitana\/wp-content\/uploads\/sites\/14\/2026\/01\/DSC_0101R-1536x1024.jpg 1536w, https:\/\/blogs.amb.cat\/alimentaciometropolitana\/wp-content\/uploads\/sites\/14\/2026\/01\/DSC_0101R-2048x1365.jpg 2048w\" sizes=\"(max-width: 1024px) 100vw, 1024px\" \/><\/figure><\/li><\/ul><\/figure>\n\n\n\n<p>FOODGaP dona suport a les autoritats locals i als agents implicats en el desenvolupament de pol\u00edtiques aliment\u00e0ries participatives i coordinades, tant a escala local com transfronterera. El projecte se centra en dues dimensions principals: refor\u00e7ar la capacitat institucional per gestionar les pol\u00edtiques aliment\u00e0ries i promoure el di\u00e0leg amb m\u00faltiples actors i la col\u00b7laboraci\u00f3 per codissenyar serveis i pol\u00edtiques que responguin a les necessitats locals.<\/p>\n\n\n\n<p>Es testaran i es posaran en relleu nous enfocaments d\u2019acc\u00e9s als aliments i d\u2019integraci\u00f3 de pol\u00edtiques locals dins de la Mediterranean Food Policy Coalition, per garantir-ne la visibilitat i ampliar el comprom\u00eds a nivells superiors de decisi\u00f3 pol\u00edtica.<\/p>\n\n\n\n<p>El paper de l\u2019AMB com a soci associat consisteix a aportar l&#8217;experi\u00e8ncia pr\u00f2pia des de l\u2019\u00f2ptica metropolitana per intercanviar coneixement, bones pr\u00e0ctiques i la xarxa de contactes relacionada amb les pol\u00edtiques aliment\u00e0ries, aix\u00ed com participar activament en tallers, seminaris i programes de capacitaci\u00f3 organitzats en el marc del mateix projecte.<\/p>\n","protected":false},"excerpt":{"rendered":"<p>Avui, 14 de gener, s&#8217;ha celebrat el primer taller en l\u00ednia del cicle de seminaris &#8220;Peer learning on urban &amp; metropolitan food policies&#8221; (&#8220;Aprenentatge entre iguals sobre pol\u00edtiques aliment\u00e0ries urbanes i metropolitanes&#8221;), organitzat per la Ciutat Metropolitana de Roma en relaci\u00f3 amb el programa de capacitaci\u00f3 definit en el marc del projecte FOODGaP. L&#8217;objectiu d&#8217;aquests [&hellip;]<\/p>\n","protected":false},"author":49,"featured_media":1702,"comment_status":"closed","ping_status":"open","sticky":false,"template":"","format":"standard","meta":{"_oasis_is_in_workflow":0,"_oasis_original":0,"ngg_post_thumbnail":0},"categories":[1],"tags":[],"_links":{"self":[{"href":"https:\/\/blogs.amb.cat\/alimentaciometropolitana\/wp-json\/wp\/v2\/posts\/1699"}],"collection":[{"href":"https:\/\/blogs.amb.cat\/alimentaciometropolitana\/wp-json\/wp\/v2\/posts"}],"about":[{"href":"https:\/\/blogs.amb.cat\/alimentaciometropolitana\/wp-json\/wp\/v2\/types\/post"}],"author":[{"embeddable":true,"href":"https:\/\/blogs.amb.cat\/alimentaciometropolitana\/wp-json\/wp\/v2\/users\/49"}],"replies":[{"embeddable":true,"href":"https:\/\/blogs.amb.cat\/alimentaciometropolitana\/wp-json\/wp\/v2\/comments?post=1699"}],"version-history":[{"count":6,"href":"https:\/\/blogs.amb.cat\/alimentaciometropolitana\/wp-json\/wp\/v2\/posts\/1699\/revisions"}],"predecessor-version":[{"id":1788,"href":"https:\/\/blogs.amb.cat\/alimentaciometropolitana\/wp-json\/wp\/v2\/posts\/1699\/revisions\/1788"}],"wp:featuredmedia":[{"embeddable":true,"href":"https:\/\/blogs.amb.cat\/alimentaciometropolitana\/wp-json\/wp\/v2\/media\/1702"}],"wp:attachment":[{"href":"https:\/\/blogs.amb.cat\/alimentaciometropolitana\/wp-json\/wp\/v2\/media?parent=1699"}],"wp:term":[{"taxonomy":"category","embeddable":true,"href":"https:\/\/blogs.amb.cat\/alimentaciometropolitana\/wp-json\/wp\/v2\/categories?post=1699"},{"taxonomy":"post_tag","embeddable":true,"href":"https:\/\/blogs.amb.cat\/alimentaciometropolitana\/wp-json\/wp\/v2\/tags?post=1699"}],"curies":[{"name":"wp","href":"https:\/\/api.w.org\/{rel}","templated":true}]}}