
 







{"id":170,"date":"2021-06-11T13:00:00","date_gmt":"2021-06-11T11:00:00","guid":{"rendered":"https:\/\/blogs.amb.cat\/alimentaciometropolitana\/?p=170"},"modified":"2021-06-15T08:28:56","modified_gmt":"2021-06-15T06:28:56","slug":"agrilogistica-quan-lagricultura-i-lart-es-troben","status":"publish","type":"post","link":"https:\/\/blogs.amb.cat\/alimentaciometropolitana\/2021\/06\/11\/agrilogistica-quan-lagricultura-i-lart-es-troben\/","title":{"rendered":"\u2018Agrilog\u00edstica\u2019, quan l\u2019agricultura i l\u2019art es troben"},"content":{"rendered":"\n<p class=\"has-medium-font-size\">La nova exposici\u00f3 de La Capella explora els usos de les tecnologies de la imatge en el context de l\u2019agricultura industrial<\/p>\n\n\n\n<p>El <strong>dimarts 15 de juny<\/strong> a les 11h, l\u2019artista <strong>Gerard Ort\u00edn Castellv\u00ed<\/strong> presenta la mostra <strong>\u2018Agrilog\u00edstica\u2019<\/strong> a <a href=\"https:\/\/lacapella.barcelona\/es\"><strong>La Capella<\/strong><\/a>. La seva darrera obra s&#8217;emmarca dins el programa <a href=\"https:\/\/lacapella.barcelona\/es\/barcelona-produccio\">Barcelona Producci\u00f3<\/a>, que incentiva la creaci\u00f3 en l\u2019\u00e0mbit de les pr\u00e0ctiques art\u00edstiques contempor\u00e0nies i que enguany posa el focus en la perspectiva ecol\u00f2gica, entre altres tem\u00e0tiques.<\/p>\n\n\n\n<p><strong>\u2018Agrilog\u00edstica\u2019<\/strong>, de l\u2019<a href=\"http:\/\/gerardortin.com\">artista barcelon\u00ed<\/a>, \u00e9s una instal\u00b7laci\u00f3 arquitect\u00f2nica, sonora i visual que convida a reflexionar sobre el paper que tenen els hivernacles d\u2019alta tecnologia en les transformacions ecol\u00f2giques i el futur de la producci\u00f3 d\u2019aliments. Quina relaci\u00f3 hi ha entre els nous r\u00e8gims agroalimentaris i la crisi clim\u00e0tica? Quins s\u00f3n els possibles escenaris de futur si no es proposen canvis?\u00a0<br><br>L\u2019exposici\u00f3 es podr\u00e0 visitar des del <strong>15 de juny al 5 de setembre <\/strong>a <strong>La Capella<\/strong>. <\/p>\n","protected":false},"excerpt":{"rendered":"<p>La nova exposici\u00f3 de La Capella explora els usos de les tecnologies de la imatge en el context de l\u2019agricultura industrial El dimarts 15 de juny a les 11h, l\u2019artista Gerard Ort\u00edn Castellv\u00ed presenta la mostra \u2018Agrilog\u00edstica\u2019 a La Capella. La seva darrera obra s&#8217;emmarca dins el programa Barcelona Producci\u00f3, que incentiva la creaci\u00f3 en [&hellip;]<\/p>\n","protected":false},"author":39,"featured_media":173,"comment_status":"closed","ping_status":"open","sticky":false,"template":"","format":"standard","meta":{"_oasis_is_in_workflow":0,"_oasis_original":0,"ngg_post_thumbnail":0},"categories":[1],"tags":[34,71,10,53],"_links":{"self":[{"href":"https:\/\/blogs.amb.cat\/alimentaciometropolitana\/wp-json\/wp\/v2\/posts\/170"}],"collection":[{"href":"https:\/\/blogs.amb.cat\/alimentaciometropolitana\/wp-json\/wp\/v2\/posts"}],"about":[{"href":"https:\/\/blogs.amb.cat\/alimentaciometropolitana\/wp-json\/wp\/v2\/types\/post"}],"author":[{"embeddable":true,"href":"https:\/\/blogs.amb.cat\/alimentaciometropolitana\/wp-json\/wp\/v2\/users\/39"}],"replies":[{"embeddable":true,"href":"https:\/\/blogs.amb.cat\/alimentaciometropolitana\/wp-json\/wp\/v2\/comments?post=170"}],"version-history":[{"count":2,"href":"https:\/\/blogs.amb.cat\/alimentaciometropolitana\/wp-json\/wp\/v2\/posts\/170\/revisions"}],"predecessor-version":[{"id":174,"href":"https:\/\/blogs.amb.cat\/alimentaciometropolitana\/wp-json\/wp\/v2\/posts\/170\/revisions\/174"}],"wp:featuredmedia":[{"embeddable":true,"href":"https:\/\/blogs.amb.cat\/alimentaciometropolitana\/wp-json\/wp\/v2\/media\/173"}],"wp:attachment":[{"href":"https:\/\/blogs.amb.cat\/alimentaciometropolitana\/wp-json\/wp\/v2\/media?parent=170"}],"wp:term":[{"taxonomy":"category","embeddable":true,"href":"https:\/\/blogs.amb.cat\/alimentaciometropolitana\/wp-json\/wp\/v2\/categories?post=170"},{"taxonomy":"post_tag","embeddable":true,"href":"https:\/\/blogs.amb.cat\/alimentaciometropolitana\/wp-json\/wp\/v2\/tags?post=170"}],"curies":[{"name":"wp","href":"https:\/\/api.w.org\/{rel}","templated":true}]}}