
 







{"id":176,"date":"2021-06-15T13:00:00","date_gmt":"2021-06-15T11:00:00","guid":{"rendered":"https:\/\/blogs.amb.cat\/alimentaciometropolitana\/?p=176"},"modified":"2021-07-06T12:21:58","modified_gmt":"2021-07-06T10:21:58","slug":"lagricultura-i-el-sistema-alimentari-a-debat","status":"publish","type":"post","link":"https:\/\/blogs.amb.cat\/alimentaciometropolitana\/2021\/06\/15\/lagricultura-i-el-sistema-alimentari-a-debat\/","title":{"rendered":"L\u2019agricultura i el sistema alimentari, a debat"},"content":{"rendered":"\n<p class=\"has-medium-font-size\">L\u2019\u00c0rea Metropolitana de Barcelona organitza un cicle en l\u00ednia sobre agricultura metropolitana i alimentaci\u00f3<\/p>\n\n\n\n<p>El dijous 1 de juliol s\u2019estrena el III Cicle tem\u00e0tic de <a rel=\"noreferrer noopener\" href=\"https:\/\/www.amb.cat\/web\/amb\/govern-metropolita\/planificacio-estrategica\/taules-de-debat-i-participacio-dels-conflictes-socioecologics\" target=\"_blank\">Taules de debat i participaci\u00f3<\/a> de l&#8217;<strong>\u00c0rea Metropolitana de Barcelona <\/strong>(AMB) sobre <strong>agricultura i sistema alimentari<\/strong>. La primera Taula s&#8217;estructurar\u00e0 en quatre sessions repartides durant els mesos de juliol i octubre i girar\u00e0 al voltant de l\u2019<strong>agricultura metropolitana<\/strong> amb l\u2019objectiu de generar nous projectes col\u00b7lectius i donar a con\u00e8ixer els ja existents. Per participar-hi cal inscriure\u2019s a <a href=\"https:\/\/docs.google.com\/forms\/d\/e\/1FAIpQLSdPnHRae8UOxMSifoHXG8arU-t9Z4-eDFSNmRwB81kZtkSCrg\/viewform\">aquest <\/a><a rel=\"noreferrer noopener\" href=\"https:\/\/docs.google.com\/forms\/d\/e\/1FAIpQLSdPnHRae8UOxMSifoHXG8arU-t9Z4-eDFSNmRwB81kZtkSCrg\/viewform\" target=\"_blank\">formulari<\/a>.<\/p>\n\n\n\n<p>L\u2019esdeveniment comptar\u00e0 amb <a href=\"https:\/\/blogs.amb.cat\/alimentaciometropolitana\/wp-content\/uploads\/sites\/14\/2021\/07\/Guio-1a-sessio-Taula-Agricultura-4.pdf\" data-type=\"URL\" data-id=\"https:\/\/blogs.amb.cat\/alimentaciometropolitana\/wp-content\/uploads\/sites\/14\/2021\/07\/Guio-1a-sessio-Taula-Agricultura-4.pdf\" target=\"_blank\" rel=\"noreferrer noopener\">diverses pon\u00e8ncies<\/a> repartides en dos grans eixos tem\u00e0tics. El primer, la <strong>producci\u00f3 i transformaci\u00f3 aliment\u00e0ria, <\/strong>tractar\u00e0 el potencial de l\u2019agricultura urbana (els horts) i dels obradors compartits com a impulsors socioecon\u00f2mics de l\u2019activitat agr\u00edcola i el producte local. El segon eix, la <strong>distribuci\u00f3 i el comer\u00e7 de proximitat<\/strong>, se centrar\u00e0 en el cas del Centre d\u2019Intercanvi Agroalimentari de Proximitat (CIAP) i la disponibilitat de productes ecol\u00f2gics i de proximitat amb l\u2019exemple dels Comer\u00e7os Verds.\u00a0<\/p>\n\n\n\n<p>Entre els ponents convidats hi haur\u00e0 la directora d&#8217;Espais Verds i Biodiversitat de l\u2019Ajuntament de Barcelona, <strong>Mireia Abril<\/strong>, l\u2019alcalde de Tagamanent, <strong>Ignasi Rodr\u00edguez<\/strong>, la coordinadora operativa de la Capitalitat Mundial de l&#8217;Alimentaci\u00f3 Sostenible i Pol\u00edtiques Aliment\u00e0ries Urbanes, <strong>Lid\u00f3n Martrat<\/strong>, i la cap de projectes d\u2019Uni\u00f3 de Pagesos, <strong>Gisela Varias<\/strong>, entre altres. <\/p>\n\n\n\n<p> M\u00e9s endavant es confirmaran les dates per a la segona Taula del cicle que, en principi, se celebrar\u00e0 al mes de setembre i posar\u00e0 el focus en el <strong>sistema alimentari. <\/strong><\/p>\n\n\n\n<p class=\"has-normal-font-size\"><strong>Calendari i inscripcions&nbsp;<\/strong><br>La Taula d&#8217;Agricultura Metropolitana est\u00e0 formada per <strong>quatre sessions<\/strong> programades a la franja hor\u00e0ria de <strong>16.30h <\/strong>a<strong> 18.30h<\/strong>. La primera, l\u2019<strong>1 de juliol<\/strong>, ser\u00e0 introduct\u00f2ria de pon\u00e8ncies i presentaci\u00f3 de projectes. Durant la segona i la tercera trobada, el <strong>15 i 22 de juliol<\/strong>, es treballar\u00e0 per grups i s\u2019aprofundir\u00e0 en cadascuna de les iniciatives. I finalment, al mes d\u2019<strong>octubre<\/strong> se celebrar\u00e0 la cloenda del cicle amb una sessi\u00f3 de retorn (les dates encara estan pendents de confirmaci\u00f3).<\/p>\n\n\n\n<p><br>Les jornades, que organitza l\u2019<strong>AMB<\/strong> i que compten amb el suport del <strong>Centre per la Sostenibilitat Territorial <\/strong>(CST), seran en l\u00ednia i amb <a rel=\"noreferrer noopener\" href=\"https:\/\/forms.gle\/85WQz2PmcvHPeTQPA\" target=\"_blank\">inscripci\u00f3 pr\u00e8via<\/a>. En cas de dubtes i suggeriments caldr\u00e0 posar-se en contacte a trav\u00e9s del correu <a rel=\"noreferrer noopener\" href=\"mailto:planifestrategia.amb@gmail.com\" target=\"_blank\">planifestrategia.amb@gmail.com<\/a> .<\/p>\n","protected":false},"excerpt":{"rendered":"<p>L\u2019\u00c0rea Metropolitana de Barcelona organitza un cicle en l\u00ednia sobre agricultura metropolitana i alimentaci\u00f3 El dijous 1 de juliol s\u2019estrena el III Cicle tem\u00e0tic de Taules de debat i participaci\u00f3 de l&#8217;\u00c0rea Metropolitana de Barcelona (AMB) sobre agricultura i sistema alimentari. La primera Taula s&#8217;estructurar\u00e0 en quatre sessions repartides durant els mesos de juliol i [&hellip;]<\/p>\n","protected":false},"author":39,"featured_media":177,"comment_status":"closed","ping_status":"open","sticky":false,"template":"","format":"standard","meta":{"_oasis_is_in_workflow":0,"_oasis_original":0,"ngg_post_thumbnail":0},"categories":[1],"tags":[34,13,72,73],"_links":{"self":[{"href":"https:\/\/blogs.amb.cat\/alimentaciometropolitana\/wp-json\/wp\/v2\/posts\/176"}],"collection":[{"href":"https:\/\/blogs.amb.cat\/alimentaciometropolitana\/wp-json\/wp\/v2\/posts"}],"about":[{"href":"https:\/\/blogs.amb.cat\/alimentaciometropolitana\/wp-json\/wp\/v2\/types\/post"}],"author":[{"embeddable":true,"href":"https:\/\/blogs.amb.cat\/alimentaciometropolitana\/wp-json\/wp\/v2\/users\/39"}],"replies":[{"embeddable":true,"href":"https:\/\/blogs.amb.cat\/alimentaciometropolitana\/wp-json\/wp\/v2\/comments?post=176"}],"version-history":[{"count":6,"href":"https:\/\/blogs.amb.cat\/alimentaciometropolitana\/wp-json\/wp\/v2\/posts\/176\/revisions"}],"predecessor-version":[{"id":234,"href":"https:\/\/blogs.amb.cat\/alimentaciometropolitana\/wp-json\/wp\/v2\/posts\/176\/revisions\/234"}],"wp:featuredmedia":[{"embeddable":true,"href":"https:\/\/blogs.amb.cat\/alimentaciometropolitana\/wp-json\/wp\/v2\/media\/177"}],"wp:attachment":[{"href":"https:\/\/blogs.amb.cat\/alimentaciometropolitana\/wp-json\/wp\/v2\/media?parent=176"}],"wp:term":[{"taxonomy":"category","embeddable":true,"href":"https:\/\/blogs.amb.cat\/alimentaciometropolitana\/wp-json\/wp\/v2\/categories?post=176"},{"taxonomy":"post_tag","embeddable":true,"href":"https:\/\/blogs.amb.cat\/alimentaciometropolitana\/wp-json\/wp\/v2\/tags?post=176"}],"curies":[{"name":"wp","href":"https:\/\/api.w.org\/{rel}","templated":true}]}}